{"id":11418,"date":"2026-01-25T15:25:09","date_gmt":"2026-01-25T07:25:09","guid":{"rendered":"https:\/\/shefmon.com\/?p=11418"},"modified":"2026-01-24T15:34:11","modified_gmt":"2026-01-24T07:34:11","slug":"causes-of-facial-redness-and-broken-capillaries","status":"publish","type":"post","link":"https:\/\/shefmon.com\/pt\/causes-of-facial-redness-and-broken-capillaries\/","title":{"rendered":"Causas de vermelhid\u00e3o facial e capilares rompidos"},"content":{"rendered":"<h3 data-start=\"2729\" data-end=\"2767\" data-relin-paragraph=\"333\"><a href=\"https:\/\/shefmon.com\/product\/shefmon-2910nm-fiber-fractional-co2-ultra-laser\/\"><img fetchpriority=\"high\" decoding=\"async\" class=\"alignnone wp-image-7578 size-full\" src=\"https:\/\/shefmon.com\/wp-content\/uploads\/2024\/06\/\u4f18\u52bf\u56fe2.jpg\" alt=\"\" width=\"750\" height=\"750\" srcset=\"https:\/\/shefmon.com\/wp-content\/uploads\/2024\/06\/\u4f18\u52bf\u56fe2.jpg 750w, https:\/\/shefmon.com\/wp-content\/uploads\/2024\/06\/\u4f18\u52bf\u56fe2-300x300.jpg 300w, https:\/\/shefmon.com\/wp-content\/uploads\/2024\/06\/\u4f18\u52bf\u56fe2-150x150.jpg 150w, https:\/\/shefmon.com\/wp-content\/uploads\/2024\/06\/\u4f18\u52bf\u56fe2-600x600.jpg 600w\" sizes=\"(max-width: 750px) 100vw, 750px\" \/><\/a><\/h3>\n<h3 data-start=\"2729\" data-end=\"2767\" data-relin-paragraph=\"333\"><strong data-start=\"2733\" data-end=\"2767\">Introdu\u00e7\u00e3o \u00e0 vermelhid\u00e3o facial<\/strong><\/h3>\n<p data-start=\"2769\" data-end=\"3063\">A vermelhid\u00e3o facial pode parecer uma visita indesejada que simplesmente n\u00e3o vai embora. Num instante a sua pele parece calma, no seguinte est\u00e1 avermelhada, com manchas ou veias vis\u00edveis. Parece-lhe familiar? N\u00e3o est\u00e1 sozinho. A vermelhid\u00e3o facial e os capilares dilatados s\u00e3o incrivelmente comuns e afetam pessoas de todas as idades e tipos de pele.<\/p>\n<h3 data-start=\"3065\" data-end=\"3096\" data-relin-paragraph=\"337\"><strong data-start=\"3069\" data-end=\"3096\">O que \u00e9 vermelhid\u00e3o facial?<\/strong><\/h3>\n<p data-start=\"3098\" data-end=\"3356\">A vermelhid\u00e3o facial ocorre quando os vasos sangu\u00edneos pr\u00f3ximos \u00e0 superf\u00edcie da pele se dilatam ou s\u00e3o danificados. Isso torna o sangue mais vis\u00edvel, dando \u00e0 pele uma apar\u00eancia vermelha, rosada ou avermelhada. \u00c0s vezes \u00e9 tempor\u00e1ria. Outras vezes, persiste como uma mancha dif\u00edcil de remover.<\/p>\n<h3 data-start=\"3358\" data-end=\"3403\" data-relin-paragraph=\"341\"><strong data-start=\"3362\" data-end=\"3403\">Por que a vermelhid\u00e3o facial \u00e9 t\u00e3o comum hoje em dia?<\/strong><\/h3>\n<p data-start=\"3405\" data-end=\"3665\">O estilo de vida moderno n\u00e3o faz nenhum favor \u00e0 pele sens\u00edvel. Polui\u00e7\u00e3o, estresse, exposi\u00e7\u00e3o solar e tend\u00eancias agressivas de cuidados com a pele contribuem para o enfraquecimento dos capilares e a inflama\u00e7\u00e3o da pele. Imagine sua pele como um cano de vidro fr\u00e1gil: quando a press\u00e3o aumenta, rachaduras aparecem.<\/p>\n<h2 data-start=\"3672\" data-end=\"3711\"><strong data-start=\"3675\" data-end=\"3711\">Entendendo os Capilares Rompidos<\/strong><\/h2>\n<h3 data-start=\"3713\" data-end=\"3766\"><strong data-start=\"3717\" data-end=\"3766\">O que s\u00e3o capilares rompidos (telangiectasia)?<\/strong><\/h3>\n<p data-start=\"3768\" data-end=\"3983\">Os capilares rompidos, conhecidos medicamente como telangiectasias, s\u00e3o pequenos vasos sangu\u00edneos que se dilataram ou romperam sob a pele. Frequentemente, aparecem como linhas finas vermelhas, roxas ou azuis, especialmente no nariz e nas bochechas.<\/p>\n<h3 data-start=\"3985\" data-end=\"4035\"><strong data-start=\"3989\" data-end=\"4035\">Como se formam os capilares rompidos sob a pele<\/strong><\/h3>\n<p data-start=\"4037\" data-end=\"4223\">Quando as paredes dos capilares enfraquecem, perdem a capacidade de voltar ao seu lugar. Com o tempo, o estresse repetido faz com que permane\u00e7am permanentemente dilatadas, tornando-as vis\u00edveis na superf\u00edcie.<\/p>\n<h2 data-start=\"4230\" data-end=\"4266\"><strong data-start=\"4233\" data-end=\"4266\">Principais causas de vermelhid\u00e3o facial<\/strong><\/h2>\n<h3 data-start=\"4268\" data-end=\"4298\"><strong data-start=\"4272\" data-end=\"4298\">Gen\u00e9tica e tipo de pele<\/strong><\/h3>\n<p data-start=\"4300\" data-end=\"4503\">Se a vermelhid\u00e3o facial \u00e9 heredit\u00e1ria na sua fam\u00edlia, \u00e9 prov\u00e1vel que voc\u00ea tenha herdado vasos sangu\u00edneos delicados. Peles claras e finas s\u00e3o especialmente propensas, pois possuem menos prote\u00e7\u00e3o natural sobre os capilares.<\/p>\n<h3 data-start=\"4505\" data-end=\"4539\"><strong data-start=\"4509\" data-end=\"4539\">Exposi\u00e7\u00e3o ao sol e danos causados pelos raios UV<\/strong><\/h3>\n<p data-start=\"4541\" data-end=\"4747\">O sol \u00e9 o inimigo p\u00fablico n\u00famero um da sua pele. Os raios UV degradam o col\u00e1geno e a elastina, que sustentam os vasos sangu\u00edneos. Sem essa sustenta\u00e7\u00e3o, os capilares colapsam e se alargam como rachaduras em um asfalto velho.<\/p>\n<h3 data-start=\"4749\" data-end=\"4780\"><strong data-start=\"4753\" data-end=\"4780\">Envelhecimento e afinamento da pele<\/strong><\/h3>\n<p data-start=\"4782\" data-end=\"4933\">Com o passar dos anos, nossa pele naturalmente se torna mais fina e fr\u00e1gil. Os capilares que antes estavam escondidos ficam mais vis\u00edveis, principalmente ao redor do nariz e das bochechas.<\/p>\n<h3 data-start=\"4935\" data-end=\"4976\"><strong data-start=\"4939\" data-end=\"4976\">Fatores clim\u00e1ticos e ambientais<\/strong><\/h3>\n<p data-start=\"4978\" data-end=\"5121\">Temperaturas extremas \u2014 quentes ou frias \u2014 for\u00e7am os vasos sangu\u00edneos a se expandirem e contra\u00edrem rapidamente. Com o tempo, essa press\u00e3o constante danifica sua estrutura.<\/p>\n<h2 data-start=\"5128\" data-end=\"5161\"><strong data-start=\"5131\" data-end=\"5161\">Gatilhos relacionados ao estilo de vida<\/strong><\/h2>\n<h3 data-start=\"5163\" data-end=\"5190\"><strong data-start=\"5167\" data-end=\"5190\">Consumo de \u00e1lcool<\/strong><\/h3>\n<p data-start=\"5192\" data-end=\"5325\">O \u00e1lcool age como um acelerador da vermelhid\u00e3o. Ele dilata os vasos sangu\u00edneos instantaneamente, e o uso repetido pode causar danos permanentes.<\/p>\n<h3 data-start=\"5327\" data-end=\"5364\"><strong data-start=\"5331\" data-end=\"5364\">Comidas apimentadas e bebidas quentes<\/strong><\/h3>\n<p data-start=\"5366\" data-end=\"5496\">Essa refei\u00e7\u00e3o picante pode ter um sabor incr\u00edvel, mas faz o sangue subir ao rosto. Com o tempo, a vermelhid\u00e3o frequente pode enfraquecer os capilares.<\/p>\n<h3 data-start=\"5498\" data-end=\"5535\"><strong data-start=\"5502\" data-end=\"5535\">Estresse e rubor emocional<\/strong><\/h3>\n<p data-start=\"5537\" data-end=\"5679\">Voc\u00ea j\u00e1 reparou como seu rosto fica vermelho quando voc\u00ea est\u00e1 nervoso ou envergonhado? O estresse cr\u00f4nico mant\u00e9m os vasos sangu\u00edneos em constante estado de hiperatividade.<\/p>\n<h3 data-start=\"5681\" data-end=\"5717\"><strong data-start=\"5685\" data-end=\"5717\">Fumar e m\u00e1 circula\u00e7\u00e3o<\/strong><\/h3>\n<p data-start=\"5719\" data-end=\"5846\">Fumar danifica os vasos sangu\u00edneos e reduz o fornecimento de oxig\u00eanio \u00e0 pele. O resultado? Capilares fracos e fr\u00e1geis que se rompem facilmente.<\/p>\n<h2 data-start=\"5853\" data-end=\"5887\"><strong data-start=\"5856\" data-end=\"5887\">Problemas m\u00e9dicos e de pele<\/strong><\/h2>\n<h3 data-start=\"5889\" data-end=\"5904\"><strong data-start=\"5893\" data-end=\"5904\">Ros\u00e1cea<\/strong><\/h3>\n<p data-start=\"5906\" data-end=\"6066\">A ros\u00e1cea \u00e9 uma das principais causas de vermelhid\u00e3o facial persistente. Ela provoca inflama\u00e7\u00e3o cr\u00f4nica e dilata\u00e7\u00e3o dos vasos sangu\u00edneos, frequentemente piorando sem tratamento.<\/p>\n<h3 data-start=\"6068\" data-end=\"6110\"><strong data-start=\"6072\" data-end=\"6110\">Acne e vermelhid\u00e3o p\u00f3s-inflamat\u00f3ria<\/strong><\/h3>\n<p data-start=\"6112\" data-end=\"6193\">Ap\u00f3s a cicatriza\u00e7\u00e3o da acne, a vermelhid\u00e3o pode persistir devido aos capilares danificados sob a pele.<\/p>\n<h3 data-start=\"6195\" data-end=\"6235\"><strong data-start=\"6199\" data-end=\"6235\">Alergias e Dermatite de Contato<\/strong><\/h3>\n<p data-start=\"6237\" data-end=\"6334\">As rea\u00e7\u00f5es al\u00e9rgicas desencadeiam inflama\u00e7\u00e3o, que pressiona os vasos sangu\u00edneos e causa vermelhid\u00e3o.<\/p>\n<h3 data-start=\"6336\" data-end=\"6363\"><strong data-start=\"6340\" data-end=\"6363\">Desequil\u00edbrios hormonais<\/strong><\/h3>\n<p data-start=\"6365\" data-end=\"6487\">As altera\u00e7\u00f5es hormonais durante a gravidez, a menopausa ou tratamentos m\u00e9dicos podem aumentar o fluxo sangu\u00edneo e a sensibilidade da pele do rosto.<\/p>\n<h2 data-start=\"6494\" data-end=\"6538\"><strong data-start=\"6497\" data-end=\"6538\">Erros de cuidados com a pele que pioram a vermelhid\u00e3o<\/strong><\/h2>\n<h3 data-start=\"6540\" data-end=\"6564\"><strong data-start=\"6544\" data-end=\"6564\">Esfolia\u00e7\u00e3o excessiva<\/strong><\/h3>\n<p data-start=\"6566\" data-end=\"6656\">A esfolia\u00e7\u00e3o excessiva remove a barreira cut\u00e2nea, deixando os capilares expostos e vulner\u00e1veis.<\/p>\n<h3 data-start=\"6658\" data-end=\"6695\"><strong data-start=\"6662\" data-end=\"6695\">Usar produtos agressivos para a pele<\/strong><\/h3>\n<p data-start=\"6697\" data-end=\"6785\">T\u00f4nicos \u00e0 base de \u00e1lcool, \u00e1cidos fortes e fragr\u00e2ncias s\u00e3o como lixa para a pele sens\u00edvel.<\/p>\n<h3 data-start=\"6787\" data-end=\"6830\"><strong data-start=\"6791\" data-end=\"6830\">Uso incorreto de ingredientes ativos<\/strong><\/h3>\n<p data-start=\"6832\" data-end=\"6914\">Retinol e \u00e1cidos podem ajudar, mas se usados incorretamente, podem inflamar a pele.<\/p>\n<h2 data-start=\"6921\" data-end=\"6972\"><strong data-start=\"6924\" data-end=\"6972\">Vasos sangu\u00edneos rompidos em diferentes \u00e1reas do rosto<\/strong><\/h2>\n<h3 data-start=\"6974\" data-end=\"6997\"><strong data-start=\"6978\" data-end=\"6997\">Nariz e bochechas<\/strong><\/h3>\n<p data-start=\"6999\" data-end=\"7094\">Essas \u00e1reas possuem densas redes capilares, o que as torna os locais mais comuns para veias vis\u00edveis.<\/p>\n<h3 data-start=\"7096\" data-end=\"7121\"><strong data-start=\"7100\" data-end=\"7121\">Queixo e testa<\/strong><\/h3>\n<p data-start=\"7123\" data-end=\"7205\">Embora menos comuns, as altera\u00e7\u00f5es hormonais e a exposi\u00e7\u00e3o solar ainda podem causar vermelhid\u00e3o nessa regi\u00e3o.<\/p>\n<h3 data-start=\"7207\" data-end=\"7250\"><strong data-start=\"7211\" data-end=\"7250\">Por que essas \u00e1reas s\u00e3o mais vulner\u00e1veis?<\/strong><\/h3>\n<p data-start=\"7252\" data-end=\"7325\">Pele fina, movimenta\u00e7\u00e3o frequente e exposi\u00e7\u00e3o ambiental, tudo isso contribui para o problema.<\/p>\n<h2 data-start=\"7332\" data-end=\"7373\"><strong data-start=\"7335\" data-end=\"7373\">Impacto emocional e psicol\u00f3gico<\/strong><\/h2>\n<h3 data-start=\"7375\" data-end=\"7416\"><strong data-start=\"7379\" data-end=\"7416\">Problemas de confian\u00e7a e autoestima<\/strong><\/h3>\n<p data-start=\"7418\" data-end=\"7498\">A vermelhid\u00e3o facial pode parecer imposs\u00edvel de esconder, afetando a forma como as pessoas se veem.<\/p>\n<h3 data-start=\"7500\" data-end=\"7548\"><strong data-start=\"7504\" data-end=\"7548\">Ansiedade social relacionada \u00e0 vermelhid\u00e3o facial<\/strong><\/h3>\n<p data-start=\"7550\" data-end=\"7650\">Muitas pessoas evitam situa\u00e7\u00f5es sociais por medo de ficarem vermelhas, criando um ciclo de estresse e vermelhid\u00e3o.<\/p>\n<h2 data-start=\"7657\" data-end=\"7698\"><strong data-start=\"7660\" data-end=\"7698\">Dicas para prevenir a vermelhid\u00e3o facial<\/strong><\/h2>\n<h3 data-start=\"7700\" data-end=\"7728\"><strong data-start=\"7704\" data-end=\"7728\">Prote\u00e7\u00e3o solar di\u00e1ria<\/strong><\/h3>\n<p data-start=\"7730\" data-end=\"7818\">Um protetor solar de amplo espectro \u00e9 indispens\u00e1vel. Pense nele como uma armadura para os seus capilares.<\/p>\n<h3 data-start=\"7820\" data-end=\"7851\"><strong data-start=\"7824\" data-end=\"7851\">Rotina de cuidados com a pele suave<\/strong><\/h3>\n<p data-start=\"7853\" data-end=\"7918\">Menos \u00e9 mais. Produtos suaves e calmantes ajudam a manter o equil\u00edbrio da pele.<\/p>\n<h3 data-start=\"7920\" data-end=\"7957\"><strong data-start=\"7924\" data-end=\"7957\">Ajustes para um estilo de vida mais saud\u00e1vel<\/strong><\/h3>\n<p data-start=\"7959\" data-end=\"8023\">Hidrata\u00e7\u00e3o, controle do estresse e uma dieta equilibrada s\u00e3o fundamentais.<\/p>\n<h2 data-start=\"8030\" data-end=\"8072\"><strong data-start=\"8033\" data-end=\"8072\">Tratamentos profissionais para vermelhid\u00e3o<\/strong><\/h2>\n<h3 data-start=\"8074\" data-end=\"8114\"><strong data-start=\"8078\" data-end=\"8114\">Tratamentos a laser e \u00e0 base de luz<\/strong><\/h3>\n<p data-start=\"8116\" data-end=\"8204\">A tecnologia a laser atua diretamente nos vasos sangu\u00edneos danificados, reduzindo a vermelhid\u00e3o na origem do problema.<\/p>\n<h3 data-start=\"8206\" data-end=\"8267\"><strong data-start=\"8210\" data-end=\"8267\">Como funciona o laser de CO2 fracionado de fibra de 2910 nm<\/strong><\/h3>\n<p data-start=\"8269\" data-end=\"8530\">Sistemas avan\u00e7ados como o <strong data-start=\"8295\" data-end=\"8338\">Laser de CO2 fracionado de fibra de 2910 nm<\/strong> Fornece energia controlada \u00e0 pele, estimulando a produ\u00e7\u00e3o de col\u00e1geno e minimizando os danos ao tecido circundante. Isso ajuda a fortalecer as paredes dos capilares e a melhorar a textura geral da pele.<\/p>\n<h3 data-start=\"8532\" data-end=\"8577\"><strong data-start=\"8536\" data-end=\"8577\">Benef\u00edcios da tecnologia laser avan\u00e7ada<\/strong><\/h3>\n<ul data-start=\"8579\" data-end=\"8686\">\n<li data-start=\"8579\" data-end=\"8600\">\n<p data-start=\"8581\" data-end=\"8600\">Alvo preciso<\/p>\n<\/li>\n<li data-start=\"8601\" data-end=\"8621\">\n<p data-start=\"8603\" data-end=\"8621\">Tempo de inatividade m\u00ednimo<\/p>\n<\/li>\n<li data-start=\"8622\" data-end=\"8656\">\n<p data-start=\"8624\" data-end=\"8656\">Redu\u00e7\u00e3o duradoura da vermelhid\u00e3o<\/p>\n<\/li>\n<li data-start=\"8657\" data-end=\"8686\">\n<p data-start=\"8659\" data-end=\"8686\">Rejuvenescimento geral da pele<\/p>\n<\/li>\n<\/ul>\n<h2 data-start=\"8693\" data-end=\"8735\"><strong data-start=\"8696\" data-end=\"8735\">Por que escolher solu\u00e7\u00f5es avan\u00e7adas em laser?<\/strong><\/h2>\n<h3 data-start=\"8737\" data-end=\"8765\"><strong data-start=\"8741\" data-end=\"8765\">Precis\u00e3o e Seguran\u00e7a<\/strong><\/h3>\n<p data-start=\"8767\" data-end=\"8848\">Os lasers modernos s\u00e3o projetados para precis\u00e3o, reduzindo riscos e maximizando resultados.<\/p>\n<h3 data-start=\"8850\" data-end=\"8885\"><strong data-start=\"8854\" data-end=\"8885\">Rejuvenescimento da pele a longo prazo<\/strong><\/h3>\n<p data-start=\"8887\" data-end=\"8956\">Al\u00e9m de reduzir a vermelhid\u00e3o, os tratamentos a laser melhoram o t\u00f4nus, a textura e a firmeza da pele.<\/p>\n<h2 data-start=\"8963\" data-end=\"8995\"><strong data-start=\"8966\" data-end=\"8995\">Quem \u00e9 o candidato ideal?<\/strong><\/h2>\n<h3 data-start=\"8997\" data-end=\"9024\"><strong data-start=\"9001\" data-end=\"9024\">Tipos de pele adequados<\/strong><\/h3>\n<p data-start=\"9026\" data-end=\"9119\">A maioria dos tipos de pele pode se beneficiar, especialmente aquelas com vermelhid\u00e3o persistente ou capilares vis\u00edveis.<\/p>\n<h3 data-start=\"9121\" data-end=\"9152\"><strong data-start=\"9125\" data-end=\"9152\">Quando evitar o tratamento<\/strong><\/h3>\n<p data-start=\"9154\" data-end=\"9239\">Infec\u00e7\u00f5es ativas, gravidez ou certas condi\u00e7\u00f5es m\u00e9dicas podem exigir adiamento.<\/p>\n<h2 data-start=\"9246\" data-end=\"9289\"><strong data-start=\"9249\" data-end=\"9289\">Cuidados e expectativas p\u00f3s-tratamento<\/strong><\/h2>\n<h3 data-start=\"9291\" data-end=\"9316\"><strong data-start=\"9295\" data-end=\"9316\">Cronograma de recupera\u00e7\u00e3o<\/strong><\/h3>\n<p data-start=\"9318\" data-end=\"9374\">Vermelhid\u00e3o e incha\u00e7o leves geralmente desaparecem em poucos dias.<\/p>\n<h3 data-start=\"9376\" data-end=\"9407\"><strong data-start=\"9380\" data-end=\"9407\">Resultados e Manuten\u00e7\u00e3o<\/strong><\/h3>\n<p data-start=\"9409\" data-end=\"9498\">Os resultados melhoram ao longo das semanas \u00e0 medida que o col\u00e1geno se regenera. Sess\u00f5es de manuten\u00e7\u00e3o podem ser recomendadas.<\/p>\n<h2 data-start=\"9505\" data-end=\"9543\"><strong data-start=\"9508\" data-end=\"9543\">O futuro do tratamento da vermelhid\u00e3o<\/strong><\/h2>\n<h3 data-start=\"9545\" data-end=\"9589\"><strong data-start=\"9549\" data-end=\"9589\">Solu\u00e7\u00f5es de cuidados com a pele impulsionadas pela tecnologia<\/strong><\/h3>\n<p data-start=\"9591\" data-end=\"9701\">Inova\u00e7\u00f5es como os lasers fracionados de fibra est\u00e3o reformulando a maneira como os profissionais tratam a vermelhid\u00e3o de forma segura e eficaz.<\/p>\n<h2 data-start=\"9708\" data-end=\"9725\"><strong data-start=\"9711\" data-end=\"9725\">Conclus\u00e3o<\/strong><\/h2>\n<p data-start=\"9727\" data-end=\"10162\">Vermelhid\u00e3o facial e capilares dilatados n\u00e3o s\u00e3o apenas problemas est\u00e9ticos \u2014 s\u00e3o sinais de que sua pele precisa de cuidados, prote\u00e7\u00e3o e, \u00e0s vezes, interven\u00e7\u00e3o profissional. De h\u00e1bitos de vida \u00e0 exposi\u00e7\u00e3o ambiental, muitos fatores contribuem para essa condi\u00e7\u00e3o. A boa not\u00edcia? Com a preven\u00e7\u00e3o adequada, cuidados suaves com a pele e tratamentos avan\u00e7ados como o Laser de CO2 Fracionado Ultra de 2910nm, uma pele mais clara e calma est\u00e1 ao seu alcance.<\/p>\n<h2 data-start=\"10169\" data-end=\"10180\"><strong data-start=\"10172\" data-end=\"10180\">Perguntas frequentes<\/strong><\/h2>\n<p data-start=\"10182\" data-end=\"10309\"><strong data-start=\"10182\" data-end=\"10230\">1. Os capilares rompidos podem cicatrizar sozinhos?<\/strong><br data-start=\"10230\" data-end=\"10233\" \/>N\u00e3o, uma vez que os capilares se rompem, geralmente \u00e9 necess\u00e1rio tratamento profissional.<\/p>\n<p data-start=\"10311\" data-end=\"10451\"><strong data-start=\"10311\" data-end=\"10361\">2. A vermelhid\u00e3o facial \u00e9 sempre um sinal de ros\u00e1cea?<\/strong><br data-start=\"10361\" data-end=\"10364\" \/>Nem sempre. Danos causados pelo sol, h\u00e1bitos de vida e erros nos cuidados com a pele tamb\u00e9m podem causar vermelhid\u00e3o.<\/p>\n<p data-start=\"10453\" data-end=\"10581\"><strong data-start=\"10453\" data-end=\"10505\">3. Os tratamentos a laser s\u00e3o seguros para peles sens\u00edveis?<\/strong><br data-start=\"10505\" data-end=\"10508\" \/>Sim, os sistemas a laser modernos s\u00e3o projetados com foco em seguran\u00e7a e precis\u00e3o.<\/p>\n<p data-start=\"10583\" data-end=\"10707\"><strong data-start=\"10583\" data-end=\"10637\">4. Quantas sess\u00f5es de laser s\u00e3o necess\u00e1rias para eliminar a vermelhid\u00e3o?<\/strong><br data-start=\"10637\" data-end=\"10640\" \/>A maioria das pessoas observa melhora em 1 a 3 sess\u00f5es, dependendo da gravidade.<\/p>\n<p data-start=\"10709\" data-end=\"10847\"><strong data-start=\"10709\" data-end=\"10764\">5. Produtos para a pele podem remover capilares rompidos?<\/strong><br data-start=\"10764\" data-end=\"10767\" \/>Os produtos podem aliviar a vermelhid\u00e3o, mas n\u00e3o eliminam permanentemente os capilares rompidos.<\/p>","protected":false},"excerpt":{"rendered":"<p>Introdu\u00e7\u00e3o \u00e0 vermelhid\u00e3o facial A vermelhid\u00e3o facial pode parecer uma visita indesejada que simplesmente n\u00e3o vai embora. Num instante a sua pele...<\/p>","protected":false},"author":3,"featured_media":7578,"comment_status":"closed","ping_status":"closed","sticky":false,"template":"","format":"standard","meta":{"footnotes":""},"categories":[47],"tags":[],"class_list":["post-11418","post","type-post","status-publish","format-standard","has-post-thumbnail","hentry","category-beauty-knowledge"],"_links":{"self":[{"href":"https:\/\/shefmon.com\/pt\/wp-json\/wp\/v2\/posts\/11418","targetHints":{"allow":["GET"]}}],"collection":[{"href":"https:\/\/shefmon.com\/pt\/wp-json\/wp\/v2\/posts"}],"about":[{"href":"https:\/\/shefmon.com\/pt\/wp-json\/wp\/v2\/types\/post"}],"author":[{"embeddable":true,"href":"https:\/\/shefmon.com\/pt\/wp-json\/wp\/v2\/users\/3"}],"replies":[{"embeddable":true,"href":"https:\/\/shefmon.com\/pt\/wp-json\/wp\/v2\/comments?post=11418"}],"version-history":[{"count":0,"href":"https:\/\/shefmon.com\/pt\/wp-json\/wp\/v2\/posts\/11418\/revisions"}],"wp:featuredmedia":[{"embeddable":true,"href":"https:\/\/shefmon.com\/pt\/wp-json\/wp\/v2\/media\/7578"}],"wp:attachment":[{"href":"https:\/\/shefmon.com\/pt\/wp-json\/wp\/v2\/media?parent=11418"}],"wp:term":[{"taxonomy":"category","embeddable":true,"href":"https:\/\/shefmon.com\/pt\/wp-json\/wp\/v2\/categories?post=11418"},{"taxonomy":"post_tag","embeddable":true,"href":"https:\/\/shefmon.com\/pt\/wp-json\/wp\/v2\/tags?post=11418"}],"curies":[{"name":"wp","href":"https:\/\/api.w.org\/{rel}","templated":true}]}}