{"id":12322,"date":"2026-03-15T09:00:49","date_gmt":"2026-03-15T01:00:49","guid":{"rendered":"https:\/\/shefmon.com\/?p=12322"},"modified":"2026-03-12T15:12:49","modified_gmt":"2026-03-12T07:12:49","slug":"best-cold-plasma-facial-machines-for-professional-skin-clinics-in-2026","status":"publish","type":"post","link":"https:\/\/shefmon.com\/fr\/best-cold-plasma-facial-machines-for-professional-skin-clinics-in-2026\/","title":{"rendered":"Les meilleures machines \u00e0 plasma froid pour le visage destin\u00e9es aux cliniques esth\u00e9tiques professionnelles en 2026"},"content":{"rendered":"<p data-path-to-node=\"1\"><img fetchpriority=\"high\" decoding=\"async\" class=\"alignnone wp-image-12323 size-large\" src=\"https:\/\/shefmon.com\/wp-content\/uploads\/2026\/03\/Best-Cold-Plasma-Facial-Machines-1024x919.png\" alt=\"\" width=\"1024\" height=\"919\" srcset=\"https:\/\/shefmon.com\/wp-content\/uploads\/2026\/03\/Best-Cold-Plasma-Facial-Machines-1024x919.png 1024w, https:\/\/shefmon.com\/wp-content\/uploads\/2026\/03\/Best-Cold-Plasma-Facial-Machines-300x269.png 300w, https:\/\/shefmon.com\/wp-content\/uploads\/2026\/03\/Best-Cold-Plasma-Facial-Machines-768x689.png 768w, https:\/\/shefmon.com\/wp-content\/uploads\/2026\/03\/Best-Cold-Plasma-Facial-Machines-13x12.png 13w, https:\/\/shefmon.com\/wp-content\/uploads\/2026\/03\/Best-Cold-Plasma-Facial-Machines-600x538.png 600w, https:\/\/shefmon.com\/wp-content\/uploads\/2026\/03\/Best-Cold-Plasma-Facial-Machines-150x135.png 150w, https:\/\/shefmon.com\/wp-content\/uploads\/2026\/03\/Best-Cold-Plasma-Facial-Machines.png 1088w\" sizes=\"(max-width: 1024px) 100vw, 1024px\" \/><\/p>\n<p data-path-to-node=\"1\">En 2026, le secteur de l&#039;esth\u00e9tique conna\u00eet un essor consid\u00e9rable en mati\u00e8re de rajeunissement cutan\u00e9 non invasif, la technologie du plasma froid s&#039;imposant comme un outil de choix pour traiter l&#039;acn\u00e9, le vieillissement cutan\u00e9 et les probl\u00e8mes d&#039;absorption. Pour les praticiens, le choix d&#039;un appareil dot\u00e9 de poign\u00e9es polyvalentes et d&#039;une \u00e9nergie stable est essentiel pour optimiser la satisfaction des patients et le retour sur investissement. Ce guide pr\u00e9sente les principales technologies de plasma froid qui ont \u00e9tabli la norme en mati\u00e8re de r\u00e9sultats cliniques cette ann\u00e9e.<\/p>\n<h2 data-path-to-node=\"2\">1. Comprendre la technologie du plasma de fusion froide<\/h2>\n<p data-path-to-node=\"3\">La technologie du plasma \u00e0 fusion froide utilise des champs \u00e9lectriques \u00e0 haute fr\u00e9quence pour ioniser des gaz comme l&#039;argon ou l&#039;h\u00e9lium, cr\u00e9ant un \u00e9tat hautement activ\u00e9 compos\u00e9 d&#039;\u00e9lectrons, d&#039;ions et de particules neutres. Contrairement au plasma chaud utilis\u00e9 pour la chirurgie, le plasma froid est froid au toucher et agit par effets photoacoustiques et particules actives pour st\u00e9riliser et r\u00e9parer la peau sans dommage thermique. Cette technologie est particuli\u00e8rement efficace pour stimuler la production de collag\u00e8ne et \u00e9liminer les cellules canc\u00e9reuses. <i data-path-to-node=\"3\" data-index-in-node=\"483\">Propionibacterium acnes<\/i>et en r\u00e9duisant l&#039;inflammation. Les cliniques sp\u00e9cialis\u00e9es utilisent souvent des syst\u00e8mes de pointe pour obtenir un remodelage cutan\u00e9 pr\u00e9cis, tels que\u00a0: <a class=\"ng-star-inserted\" href=\"https:\/\/shefmon.com\/product\/shefmon-coolplasma-cold-fusion-plasma-facial-skin-treatment-beauty-device-a0145\/\" target=\"_blank\" rel=\"noopener\" data-hveid=\"0\" data-ved=\"0CAAQ_4QMahgKEwiRvOmg4JmTAxUAAAAAHQAAAAAQyQI\">https:\/\/shefmon.com\/product\/shefmon-coolplasma-cold-fusion-plasma-facial-skin-treatment-beauty-device-a0145\/<\/a><\/p>\n<h2 data-path-to-node=\"4\">2. Huit poign\u00e9es professionnelles pour une gestion compl\u00e8te de la peau<\/h2>\n<p data-path-to-node=\"5\">Un appareil \u00e0 plasma froid haut de gamme doit \u00eatre suffisamment polyvalent pour traiter une grande vari\u00e9t\u00e9 de probl\u00e8mes cutan\u00e9s. Gr\u00e2ce \u00e0 des embouts sp\u00e9cifiques, une clinique peut \u00e9largir sa gamme de services, des traitements anti-acn\u00e9iques classiques aux soins du cuir chevelu et au remodelage des cicatrices.<\/p>\n<ul data-path-to-node=\"6\">\n<li>\n<p data-path-to-node=\"6,0,0\"><b data-path-to-node=\"6,0,0\" data-index-in-node=\"0\">Acn\u00e9 et st\u00e9rilisation<\/b>La poign\u00e9e en c\u00e9ramique d\u00e9truit les parois cellulaires bact\u00e9riennes, ce qui la rend id\u00e9ale pour traiter l&#039;acn\u00e9 active et les infections cutan\u00e9es.<\/p>\n<\/li>\n<li>\n<p data-path-to-node=\"6,1,0\"><b data-path-to-node=\"6,1,0\" data-index-in-node=\"0\">Anti-\u00e2ge pr\u00e9cis<\/b>La poign\u00e9e en forme de diamant active directement les fibroblastes pour augmenter la synth\u00e8se des fibres de collag\u00e8ne et d&#039;\u00e9lastine.<\/p>\n<\/li>\n<li>\n<p data-path-to-node=\"6,2,0\"><b data-path-to-node=\"6,2,0\" data-index-in-node=\"0\">M\u00e9tabolisme des pigments<\/b>La poign\u00e9e \u00e0 aiguille droite cr\u00e9e une zone de micro-exfoliation contr\u00f4l\u00e9e pour acc\u00e9l\u00e9rer le m\u00e9tabolisme de l&#039;hyperpigmentation.<\/p>\n<\/li>\n<li>\n<p data-path-to-node=\"6,3,0\"><b data-path-to-node=\"6,3,0\" data-index-in-node=\"0\">Microenvironnement du cuir chevelu<\/b>: Le manche en forme de flocons cible la dermatite s\u00e9borrh\u00e9ique et la folliculite, cr\u00e9ant un environnement sain pour la croissance des cheveux.<\/p>\n<\/li>\n<li>\n<p data-path-to-node=\"6,4,0\"><b data-path-to-node=\"6,4,0\" data-index-in-node=\"0\">Perm\u00e9ation ionique<\/b>Les poign\u00e9es \u00e0 rouleau utilisent la technologie des micro-canaux pour am\u00e9liorer significativement la p\u00e9n\u00e9tration en profondeur des nutriments de soin de la peau.<\/p>\n<\/li>\n<\/ul>\n<p data-path-to-node=\"7\">Pour plus de d\u00e9tails sur la longueur d&#039;onde et les param\u00e8tres techniques, consultez\u00a0: <a class=\"ng-star-inserted\" href=\"https:\/\/shefmon.com\/beauty-machines\/tattoo-and-pigmentation-removal\/\" target=\"_blank\" rel=\"noopener\" data-hveid=\"0\" data-ved=\"0CAAQ_4QMahgKEwiRvOmg4JmTAxUAAAAAHQAAAAAQygI\">https:\/\/shefmon.com\/beauty-machines\/tattoo-and-pigmentation-removal\/<\/a><\/p>\n<h2 data-path-to-node=\"8\">3. Maximiser la valeur commerciale gr\u00e2ce \u00e0 la th\u00e9rapie combin\u00e9e<\/h2>\n<p data-path-to-node=\"9\">En 2026, la tendance est pass\u00e9e des traitements isol\u00e9s aux protocoles \u00ab\u00a0hybrides\u00a0\u00bb. Le plasma froid est non seulement un traitement puissant en soi, mais aussi le compl\u00e9ment id\u00e9al d&#039;autres appareils photo\u00e9lectriques comme les lasers picosecondes ou les ultrasons focalis\u00e9s de haute intensit\u00e9 (HIFU). Par exemple, apr\u00e8s l&#039;extraction de pigments \u00e0 l&#039;aide d&#039;un laser picoseconde, un appareil \u00e0 plasma peut \u00eatre utilis\u00e9 pour stimuler la r\u00e9g\u00e9n\u00e9ration des cicatrices d&#039;acn\u00e9, obtenant ainsi un effet \u00ab\u00a01+1&gt;2\u00a0\u00bb. De plus, l&#039;utilisation de produits r\u00e9parateurs haute performance imm\u00e9diatement apr\u00e8s le traitement plasma garantit une absorption maximale et justifie un prix plus \u00e9lev\u00e9. D\u00e9couvrez d&#039;autres \u00e9quipements compl\u00e9mentaires ici\u00a0: <a class=\"ng-star-inserted\" href=\"https:\/\/shefmon.com\/category\/aesthetic-equipment\/\" target=\"_blank\" rel=\"noopener\" data-hveid=\"0\" data-ved=\"0CAAQ_4QMahgKEwiRvOmg4JmTAxUAAAAAHQAAAAAQywI\">https:\/\/shefmon.com\/category\/aesthetic-equipment\/<\/a><\/p>\n<h2 data-path-to-node=\"10\">4. Traitement des cicatrices et correction de la texture<\/h2>\n<p data-path-to-node=\"11\">Pour les cicatrices tenaces, l&#039;\u00e9nergie du plasma froid d\u00e9compose les structures r\u00e9ticul\u00e9es de la fibronectine, ce qui entra\u00eene un assouplissement et un remodelage progressifs du tissu. Associ\u00e9e \u00e0 des syst\u00e8mes avanc\u00e9s con\u00e7us pour le remodelage cutan\u00e9 en profondeur, tels que\u2026 <a class=\"ng-star-inserted\" href=\"https:\/\/shefmon.com\/product\/a0529-professional-acne-scar-removal-10600nm-co2-fractional-laser-equipment\/\" target=\"_blank\" rel=\"noopener\" data-hveid=\"0\" data-ved=\"0CAAQ_4QMahgKEwiRvOmg4JmTAxUAAAAAHQAAAAAQzAI\">https:\/\/shefmon.com\/product\/a0529-professional-acne-scar-removal-10600nm-co2-fractional-laser-equipment\/<\/a> Ces cliniques peuvent offrir une transformation compl\u00e8te aux patients souffrant d&#039;irr\u00e9gularit\u00e9s de pigmentation et de texture de la peau. Cette approche holistique garantit un taux \u00e9lev\u00e9 de fid\u00e9lisation et de satisfaction des patients.<\/p>\n<h2 data-path-to-node=\"12\">5. S\u00e9lection de la clinique : S\u00e9curit\u00e9 et contr\u00f4le de la qualit\u00e9<\/h2>\n<p data-path-to-node=\"13\">La stabilit\u00e9 et la durabilit\u00e9 d&#039;un appareil \u00e0 plasma froid ont un impact direct sur les co\u00fbts d&#039;exploitation quotidiens d&#039;une clinique. Les appareils de haute qualit\u00e9 doivent subir des tests rigoureux afin de garantir la pr\u00e9cision de la puissance \u00e9lectromagn\u00e9tique et une consommation de gaz \u00e9conomique. Choisir un fournisseur dot\u00e9 d&#039;un syst\u00e8me de gestion de la qualit\u00e9 performant assure un support technique \u00e0 long terme et minimise les risques d&#039;interruption de service, prot\u00e9geant ainsi votre investissement. <a class=\"ng-star-inserted\" href=\"https:\/\/shefmon.com\/quality-control\/\" target=\"_blank\" rel=\"noopener\" data-hveid=\"0\" data-ved=\"0CAAQ_4QMahgKEwiRvOmg4JmTAxUAAAAAHQAAAAAQzQI\">https:\/\/shefmon.com\/quality-control\/<\/a><\/p>\n<h2 data-path-to-node=\"14\">FAQ<\/h2>\n<p data-path-to-node=\"15\"><b data-path-to-node=\"15\" data-index-in-node=\"0\">Y a-t-il une p\u00e9riode de convalescence apr\u00e8s un traitement au plasma froid\u00a0?<\/b> Le traitement est g\u00e9n\u00e9ralement non ablatif ou micro-ablatif ; bien qu&#039;une l\u00e9g\u00e8re rougeur puisse appara\u00eetre, elle dispara\u00eet g\u00e9n\u00e9ralement en 24 heures sans formation de cro\u00fbtes importantes.<\/p>\n<p data-path-to-node=\"16\"><b data-path-to-node=\"16\" data-index-in-node=\"0\">Combien de s\u00e9ances sont n\u00e9cessaires pour \u00e9liminer l&#039;acn\u00e9 ?<\/b> En cas d&#039;acn\u00e9 active, une r\u00e9duction de l&#039;inflammation est souvent visible apr\u00e8s 1 \u00e0 2 s\u00e9ances, un traitement complet de 4 \u00e0 6 s\u00e9ances \u00e9tant recommand\u00e9 pour des r\u00e9sultats optimaux.<\/p>\n<p data-path-to-node=\"17\"><b data-path-to-node=\"17\" data-index-in-node=\"0\">Le plasma froid est-il sans danger pour les peaux sensibles\u00a0?<\/b> Oui, il est tr\u00e8s s\u00fbr. Ses propri\u00e9t\u00e9s anti-inflammatoires et sa capacit\u00e9 \u00e0 r\u00e9parer la barri\u00e8re cutan\u00e9e en font un choix id\u00e9al pour les affections inflammatoires comme l&#039;ecz\u00e9ma et la dermatite.<\/p>\n<p data-path-to-node=\"18\"><b data-path-to-node=\"18\" data-index-in-node=\"0\">Est-ce que cela peut vraiment favoriser la pousse des cheveux\u00a0?<\/b> En \u00e9liminant les champignons, en r\u00e9duisant l&#039;inflammation et en am\u00e9liorant la microcirculation, il cr\u00e9e un environnement sain pour le cuir chevelu, favorisant ainsi la croissance des follicules et des cheveux.<\/p>\n<p data-path-to-node=\"19\"><b data-path-to-node=\"19\" data-index-in-node=\"0\">Le patient ressent-il de la chaleur pendant l&#039;intervention ?<\/b> Non, contrairement au plasma chaud, le plasma de fusion froide procure une sensation de fra\u00eecheur et de confort, ce qui rend l&#039;exp\u00e9rience indolore pour le patient.<\/p>\n<h2 data-path-to-node=\"20\">Conclusion<\/h2>\n<p data-path-to-node=\"21\">En 2026, le secteur des soins de la peau \u00e9volue vers des technologies plus efficaces et plus confortables. Le plasma \u00e0 fusion froide, gr\u00e2ce \u00e0 ses poign\u00e9es multifonctionnelles, sa st\u00e9rilisation sup\u00e9rieure et son excellente tol\u00e9rance par les patients, est devenu un \u00e9quipement incontournable pour les cliniques professionnelles. En combinant judicieusement les poign\u00e9es et les th\u00e9rapies, les praticiens peuvent traiter des probl\u00e8mes cutan\u00e9s complexes tout en se d\u00e9marquant sur un march\u00e9 concurrentiel. Investir dans un \u00e9quipement plasma haute performance est un choix judicieux pour garantir un succ\u00e8s commercial durable et un leadership clinique.<\/p>\n<div class=\"simg-pop-btn\" style=\"top: 30px; left: 14px; display: flex;\"><\/div>","protected":false},"excerpt":{"rendered":"<p>L&#039;industrie esth\u00e9tique conna\u00eet en 2026 un essor consid\u00e9rable du rajeunissement cutan\u00e9 non invasif, la technologie du plasma froid \u00e9tant en t\u00eate de file.<\/p>","protected":false},"author":3,"featured_media":12323,"comment_status":"closed","ping_status":"closed","sticky":false,"template":"","format":"standard","meta":{"footnotes":""},"categories":[35],"tags":[],"class_list":["post-12322","post","type-post","status-publish","format-standard","has-post-thumbnail","hentry","category-aesthetic-equipment"],"_links":{"self":[{"href":"https:\/\/shefmon.com\/fr\/wp-json\/wp\/v2\/posts\/12322","targetHints":{"allow":["GET"]}}],"collection":[{"href":"https:\/\/shefmon.com\/fr\/wp-json\/wp\/v2\/posts"}],"about":[{"href":"https:\/\/shefmon.com\/fr\/wp-json\/wp\/v2\/types\/post"}],"author":[{"embeddable":true,"href":"https:\/\/shefmon.com\/fr\/wp-json\/wp\/v2\/users\/3"}],"replies":[{"embeddable":true,"href":"https:\/\/shefmon.com\/fr\/wp-json\/wp\/v2\/comments?post=12322"}],"version-history":[{"count":0,"href":"https:\/\/shefmon.com\/fr\/wp-json\/wp\/v2\/posts\/12322\/revisions"}],"wp:featuredmedia":[{"embeddable":true,"href":"https:\/\/shefmon.com\/fr\/wp-json\/wp\/v2\/media\/12323"}],"wp:attachment":[{"href":"https:\/\/shefmon.com\/fr\/wp-json\/wp\/v2\/media?parent=12322"}],"wp:term":[{"taxonomy":"category","embeddable":true,"href":"https:\/\/shefmon.com\/fr\/wp-json\/wp\/v2\/categories?post=12322"},{"taxonomy":"post_tag","embeddable":true,"href":"https:\/\/shefmon.com\/fr\/wp-json\/wp\/v2\/tags?post=12322"}],"curies":[{"name":"wp","href":"https:\/\/api.w.org\/{rel}","templated":true}]}}