{"id":12093,"date":"2026-03-03T11:46:31","date_gmt":"2026-03-03T03:46:31","guid":{"rendered":"https:\/\/shefmon.com\/?p=12093"},"modified":"2026-03-03T11:46:31","modified_gmt":"2026-03-03T03:46:31","slug":"a-quoi-sattendre-avant-et-apres-un-traitement-par-micro-aiguilles-radiofrequences","status":"publish","type":"post","link":"https:\/\/shefmon.com\/fr\/what-to-expect-before-and-after-rf-microneedling-treatment\/","title":{"rendered":"\u00c0 quoi s&#039;attendre avant et apr\u00e8s un traitement de microneedling par radiofr\u00e9quence\u00a0?"},"content":{"rendered":"<p data-start=\"63\" data-end=\"574\"><a href=\"https:\/\/shefmon.com\/beauty-machines\/mnrf-microneedling\/\" target=\"_blank\" rel=\"noopener\">Microneedling RF<\/a> Le microneedling par radiofr\u00e9quence est devenu l&#039;un des traitements de rajeunissement cutan\u00e9 non chirurgicaux les plus demand\u00e9s pour att\u00e9nuer les cicatrices d&#039;acn\u00e9, les pores dilat\u00e9s, les rides et le rel\u00e2chement cutan\u00e9. En combinant le microneedling traditionnel \u00e0 l&#039;\u00e9nergie de la radiofr\u00e9quence (RF), cette technologie de pointe stimule le remodelage du collag\u00e8ne dans les couches profondes du derme pour des r\u00e9sultats durables. Si vous envisagez ce traitement, comprendre le d\u00e9roulement avant et apr\u00e8s une s\u00e9ance de microneedling par radiofr\u00e9quence vous permettra de bien vous pr\u00e9parer et d&#039;optimiser les r\u00e9sultats.<\/p>\n<h2 data-start=\"576\" data-end=\"622\">1. Comprendre le fonctionnement du microneedling par radiofr\u00e9quence<\/h2>\n<p data-start=\"624\" data-end=\"912\">Le microneedling par radiofr\u00e9quence utilise des aiguilles isol\u00e9es ou semi-isol\u00e9es pour cr\u00e9er des micro-l\u00e9sions contr\u00f4l\u00e9es dans la peau tout en d\u00e9livrant de l&#039;\u00e9nergie RF dans le derme. Les micro-aiguilles stimulent m\u00e9caniquement la production de collag\u00e8ne, tandis que la chaleur de la radiofr\u00e9quence raffermit les tissus et favorise un remodelage plus profond.<\/p>\n<p data-start=\"914\" data-end=\"954\">Cette approche \u00e0 double action permet de rem\u00e9dier \u00e0\u00a0:<\/p>\n<ul data-start=\"956\" data-end=\"1074\">\n<li data-start=\"956\" data-end=\"971\">\n<p data-start=\"959\" data-end=\"971\">Cicatrices d&#039;acn\u00e9<\/p>\n<\/li>\n<li data-start=\"972\" data-end=\"1000\">\n<p data-start=\"975\" data-end=\"1000\">Rides et ridules<\/p>\n<\/li>\n<li data-start=\"1001\" data-end=\"1020\">\n<p data-start=\"1004\" data-end=\"1020\">Pores dilat\u00e9s<\/p>\n<\/li>\n<li data-start=\"1021\" data-end=\"1054\">\n<p data-start=\"1024\" data-end=\"1054\">Rel\u00e2chement cutan\u00e9 l\u00e9ger \u00e0 mod\u00e9r\u00e9<\/p>\n<\/li>\n<li data-start=\"1055\" data-end=\"1074\">\n<p data-start=\"1058\" data-end=\"1074\">texture irr\u00e9guli\u00e8re<\/p>\n<\/li>\n<\/ul>\n<p data-start=\"1076\" data-end=\"1306\">Les syst\u00e8mes professionnels tels que l&#039;appareil de micro-aiguillage RF MMRF Depth 8 sont con\u00e7us pour contr\u00f4ler avec pr\u00e9cision la profondeur de l&#039;aiguille et l&#039;\u00e9nergie RF pour un traitement s\u00fbr et efficace\u00a0: <a class=\"decorated-link\" href=\"https:\/\/shefmon.com\/product\/a0157-mmrf-deepth-8-microneedling-rf\/\" target=\"_new\" rel=\"noopener\" data-start=\"1241\" data-end=\"1306\">https:\/\/shefmon.com\/product\/a0157-mmrf-deepth-8-microneedling-rf\/<\/a><\/p>\n<p data-start=\"1076\" data-end=\"1306\"><img fetchpriority=\"high\" decoding=\"async\" class=\"alignnone wp-image-2577\" src=\"https:\/\/shefmon.com\/wp-content\/uploads\/2024\/05\/a0157.jpg\" alt=\"Avant et apr\u00e8s un traitement de microneedling par radiofr\u00e9quence - shefmon\" width=\"824\" height=\"824\" srcset=\"https:\/\/shefmon.com\/wp-content\/uploads\/2024\/05\/a0157.jpg 1000w, https:\/\/shefmon.com\/wp-content\/uploads\/2024\/05\/a0157-300x300.jpg 300w, https:\/\/shefmon.com\/wp-content\/uploads\/2024\/05\/a0157-150x150.jpg 150w, https:\/\/shefmon.com\/wp-content\/uploads\/2024\/05\/a0157-600x600.jpg 600w, https:\/\/shefmon.com\/wp-content\/uploads\/2024\/05\/a0157-768x768.jpg 768w\" sizes=\"(max-width: 824px) 100vw, 824px\" \/><\/p>\n<h2 data-start=\"1308\" data-end=\"1362\">2. \u00c0 quoi s&#039;attendre avant un traitement par micro-aiguilles RF<\/h2>\n<p data-start=\"1364\" data-end=\"1434\">Une pr\u00e9paration ad\u00e9quate a un impact significatif sur la s\u00e9curit\u00e9, le confort et les r\u00e9sultats.<\/p>\n<h3 data-start=\"1436\" data-end=\"1476\">2.1 Consultation et \u00e9valuation de la peau<\/h3>\n<p data-start=\"1478\" data-end=\"1660\">Avant le traitement, un professionnel \u00e9valuera l&#039;\u00e9tat de votre peau, vos pr\u00e9occupations et vos ant\u00e9c\u00e9dents m\u00e9dicaux. Ce traitement n&#039;est pas adapt\u00e9 \u00e0 tous. Il peut \u00eatre n\u00e9cessaire de le reporter si vous pr\u00e9sentez les sympt\u00f4mes suivants\u00a0:<\/p>\n<ul data-start=\"1662\" data-end=\"1776\">\n<li data-start=\"1662\" data-end=\"1689\">\n<p data-start=\"1665\" data-end=\"1689\">infections acn\u00e9iques actives<\/p>\n<\/li>\n<li data-start=\"1690\" data-end=\"1706\">\n<p data-start=\"1693\" data-end=\"1706\">plaies ouvertes<\/p>\n<\/li>\n<li data-start=\"1707\" data-end=\"1726\">\n<p data-start=\"1710\" data-end=\"1726\">Rosac\u00e9e s\u00e9v\u00e8re<\/p>\n<\/li>\n<li data-start=\"1727\" data-end=\"1741\">\n<p data-start=\"1730\" data-end=\"1741\">Grossesse<\/p>\n<\/li>\n<li data-start=\"1742\" data-end=\"1776\">\n<p data-start=\"1745\" data-end=\"1776\">Certaines maladies auto-immunes<\/p>\n<\/li>\n<\/ul>\n<p data-start=\"1778\" data-end=\"1900\">Votre praticien d\u00e9terminera \u00e9galement la profondeur d&#039;aiguille et les r\u00e9glages d&#039;\u00e9nergie appropri\u00e9s en fonction de votre type de peau et de la zone \u00e0 traiter.<\/p>\n<h3 data-start=\"1902\" data-end=\"1947\">2.2 Ajustements des soins de la peau avant le traitement<\/h3>\n<p data-start=\"1949\" data-end=\"1971\">En r\u00e8gle g\u00e9n\u00e9rale, vous devriez\u00a0:<\/p>\n<ul data-start=\"1973\" data-end=\"2169\">\n<li data-start=\"1973\" data-end=\"2013\">\n<p data-start=\"1976\" data-end=\"2013\">Cessez d&#039;utiliser les r\u00e9tino\u00efdes 3 \u00e0 5 jours avant.<\/p>\n<\/li>\n<li data-start=\"2014\" data-end=\"2078\">\n<p data-start=\"2017\" data-end=\"2078\">\u00c9vitez les peelings chimiques ou les exfoliations agressives pendant une semaine.<\/p>\n<\/li>\n<li data-start=\"2079\" data-end=\"2112\">\n<p data-start=\"2082\" data-end=\"2112\">\u00c9vitez l&#039;exposition excessive au soleil.<\/p>\n<\/li>\n<li data-start=\"2113\" data-end=\"2169\">\n<p data-start=\"2116\" data-end=\"2169\">Interrompez la prise de m\u00e9dicaments photosensibilisants si cela vous est conseill\u00e9.<\/p>\n<\/li>\n<\/ul>\n<p data-start=\"2171\" data-end=\"2252\">Une peau propre et apais\u00e9e r\u00e9agit mieux au traitement et r\u00e9duit le risque d&#039;irritation.<\/p>\n<h3 data-start=\"2254\" data-end=\"2291\">2.3 Que se passe-t-il le jour du traitement ?<\/h3>\n<p data-start=\"2293\" data-end=\"2337\">Le jour de votre s\u00e9ance de microneedling par radiofr\u00e9quence\u00a0:<\/p>\n<ul data-start=\"2339\" data-end=\"2487\">\n<li data-start=\"2339\" data-end=\"2381\">\n<p data-start=\"2342\" data-end=\"2381\">Votre peau sera nettoy\u00e9e en profondeur.<\/p>\n<\/li>\n<li data-start=\"2382\" data-end=\"2443\">\n<p data-start=\"2385\" data-end=\"2443\">Une cr\u00e8me anesth\u00e9siante topique peut \u00eatre appliqu\u00e9e pendant 20 \u00e0 30 minutes.<\/p>\n<\/li>\n<li data-start=\"2444\" data-end=\"2487\">\n<p data-start=\"2447\" data-end=\"2487\">La zone de traitement sera d\u00e9sinfect\u00e9e.<\/p>\n<\/li>\n<\/ul>\n<p data-start=\"2489\" data-end=\"2722\">Des appareils comme le syst\u00e8me de micro-aiguillage RF Desktop MMRF Depth 8 offrent des param\u00e8tres r\u00e9glables et un contr\u00f4le pr\u00e9cis de la profondeur, am\u00e9liorant ainsi la s\u00e9curit\u00e9 et le confort du patient\u00a0: <a class=\"decorated-link\" href=\"https:\/\/shefmon.com\/product\/a0152-desktop-mmrf-deepth-8-microneedling-rf\/\" target=\"_new\" rel=\"noopener\" data-start=\"2649\" data-end=\"2722\">https:\/\/shefmon.com\/product\/a0152-desktop-mmrf-deepth-8-microneedling-rf\/<\/a><\/p>\n<p data-start=\"2724\" data-end=\"2796\">L&#039;intervention dure g\u00e9n\u00e9ralement entre 20 et 45 minutes selon la zone trait\u00e9e.<\/p>\n<h2 data-start=\"2798\" data-end=\"2852\">3. \u00c0 quoi s&#039;attendre lors d&#039;un traitement par micro-aiguilles RF<\/h2>\n<p data-start=\"2854\" data-end=\"3036\">De nombreux patients d\u00e9crivent cette sensation comme une l\u00e9g\u00e8re pression accompagn\u00e9e de chaleur. L&#039;\u00e9nergie RF \u00e9tant d\u00e9livr\u00e9e sous la peau, l&#039;inconfort est g\u00e9n\u00e9ralement supportable, surtout avec une cr\u00e8me anesth\u00e9siante.<\/p>\n<p data-start=\"3038\" data-end=\"3051\">Vous pouvez ressentir\u00a0:<\/p>\n<ul data-start=\"3053\" data-end=\"3143\">\n<li data-start=\"3053\" data-end=\"3082\">\n<p data-start=\"3056\" data-end=\"3082\">l\u00e9g\u00e8re sensation de picotement<\/p>\n<\/li>\n<li data-start=\"3083\" data-end=\"3109\">\n<p data-start=\"3086\" data-end=\"3109\">Chaleur provenant de l&#039;\u00e9nergie RF<\/p>\n<\/li>\n<li data-start=\"3110\" data-end=\"3143\">\n<p data-start=\"3113\" data-end=\"3143\">L\u00e9g\u00e8res vibrations ou pressions<\/p>\n<\/li>\n<\/ul>\n<p data-start=\"3145\" data-end=\"3306\">Les syst\u00e8mes avanc\u00e9s permettent aux praticiens de personnaliser les niveaux de profondeur (par exemple, de 0,5 mm \u00e0 des couches dermiques plus profondes), assurant ainsi un traitement cibl\u00e9 des cicatrices ou un raffermissement cutan\u00e9.<\/p>\n<p data-start=\"3145\" data-end=\"3306\"><img decoding=\"async\" class=\"alignnone wp-image-6820 lazyload\" data-src=\"https:\/\/shefmon.com\/wp-content\/uploads\/2025\/08\/\u5fae\u9488-18-scaled.jpg\" alt=\"Avant et apr\u00e8s un traitement de microneedling par radiofr\u00e9quence - shefmon\" width=\"903\" height=\"507\" data-srcset=\"https:\/\/shefmon.com\/wp-content\/uploads\/2025\/08\/\u5fae\u9488-18-scaled.jpg 2560w, https:\/\/shefmon.com\/wp-content\/uploads\/2025\/08\/\u5fae\u9488-18-scaled-150x84.jpg 150w, https:\/\/shefmon.com\/wp-content\/uploads\/2025\/08\/\u5fae\u9488-18-scaled-600x337.jpg 600w, https:\/\/shefmon.com\/wp-content\/uploads\/2025\/08\/\u5fae\u9488-18-300x169.jpg 300w, https:\/\/shefmon.com\/wp-content\/uploads\/2025\/08\/\u5fae\u9488-18-1024x575.jpg 1024w, https:\/\/shefmon.com\/wp-content\/uploads\/2025\/08\/\u5fae\u9488-18-768x431.jpg 768w, https:\/\/shefmon.com\/wp-content\/uploads\/2025\/08\/\u5fae\u9488-18-1536x863.jpg 1536w, https:\/\/shefmon.com\/wp-content\/uploads\/2025\/08\/\u5fae\u9488-18-2048x1151.jpg 2048w\" data-sizes=\"(max-width: 903px) 100vw, 903px\" src=\"data:image\/gif;base64,R0lGODlhAQABAAAAACH5BAEKAAEALAAAAAABAAEAAAICTAEAOw==\" style=\"--smush-placeholder-width: 903px; --smush-placeholder-aspect-ratio: 903\/507;\" \/><\/p>\n<h2 data-start=\"3308\" data-end=\"3356\">4. Soins postop\u00e9ratoires imm\u00e9diats\u00a0: Les 24 \u00e0 48 premi\u00e8res heures<\/h2>\n<h3 data-start=\"3358\" data-end=\"3397\">4.1 R\u00e9actions normales apr\u00e8s traitement<\/h3>\n<p data-start=\"3399\" data-end=\"3456\">Imm\u00e9diatement apr\u00e8s un traitement par micro-aiguilles RF, votre peau peut pr\u00e9senter l&#039;aspect suivant\u00a0:<\/p>\n<ul data-start=\"3458\" data-end=\"3556\">\n<li data-start=\"3458\" data-end=\"3496\">\n<p data-start=\"3461\" data-end=\"3496\">Rouge (semblable \u00e0 un coup de soleil mod\u00e9r\u00e9)<\/p>\n<\/li>\n<li data-start=\"3497\" data-end=\"3518\">\n<p data-start=\"3500\" data-end=\"3518\">L\u00e9g\u00e8rement gonfl\u00e9<\/p>\n<\/li>\n<li data-start=\"3519\" data-end=\"3541\">\n<p data-start=\"3522\" data-end=\"3541\">Chaud au toucher<\/p>\n<\/li>\n<li data-start=\"3542\" data-end=\"3556\">\n<p data-start=\"3545\" data-end=\"3556\">Sensible<\/p>\n<\/li>\n<\/ul>\n<p data-start=\"3558\" data-end=\"3680\">De petites cro\u00fbtes ponctuelles peuvent se former en fonction de la profondeur de l&#039;aiguille. Ces effets sont normaux et disparaissent g\u00e9n\u00e9ralement en 1 \u00e0 3 jours.<\/p>\n<h3 data-start=\"3682\" data-end=\"3714\">4.2 Soins de la peau apr\u00e8s le traitement<\/h3>\n<p data-start=\"3716\" data-end=\"3742\">Durant les 48 premi\u00e8res heures\u00a0:<\/p>\n<ul data-start=\"3744\" data-end=\"3947\">\n<li data-start=\"3744\" data-end=\"3770\">\n<p data-start=\"3747\" data-end=\"3770\">Utilisez un nettoyant doux<\/p>\n<\/li>\n<li data-start=\"3771\" data-end=\"3818\">\n<p data-start=\"3774\" data-end=\"3818\">Appliquez une cr\u00e8me hydratante apaisante et sans parfum.<\/p>\n<\/li>\n<li data-start=\"3819\" data-end=\"3858\">\n<p data-start=\"3822\" data-end=\"3858\">\u00c9vitez de vous maquiller pendant au moins 24 heures.<\/p>\n<\/li>\n<li data-start=\"3859\" data-end=\"3905\">\n<p data-start=\"3862\" data-end=\"3905\">\u00c9vitez les ingr\u00e9dients actifs (r\u00e9tinol, acides).<\/p>\n<\/li>\n<li data-start=\"3906\" data-end=\"3947\">\n<p data-start=\"3909\" data-end=\"3947\">Appliquez quotidiennement une cr\u00e8me solaire \u00e0 large spectre.<\/p>\n<\/li>\n<\/ul>\n<p data-start=\"3949\" data-end=\"4038\">L\u2019hydratation et la protection solaire sont essentielles pour pr\u00e9venir l\u2019hyperpigmentation post-inflammatoire.<\/p>\n<h2 data-start=\"4040\" data-end=\"4094\">5. \u00c0 quoi s&#039;attendre durant la premi\u00e8re semaine suivant le traitement<\/h2>\n<p data-start=\"4096\" data-end=\"4129\">Entre le 3e et le 7e jour, vous remarquerez peut-\u00eatre\u00a0:<\/p>\n<ul data-start=\"4131\" data-end=\"4219\">\n<li data-start=\"4131\" data-end=\"4160\">\n<p data-start=\"4134\" data-end=\"4160\">l\u00e9g\u00e8re desquamation ou s\u00e9cheresse<\/p>\n<\/li>\n<li data-start=\"4161\" data-end=\"4186\">\n<p data-start=\"4164\" data-end=\"4186\">Texture l\u00e9g\u00e8rement rugueuse<\/p>\n<\/li>\n<li data-start=\"4187\" data-end=\"4219\">\n<p data-start=\"4190\" data-end=\"4219\">Am\u00e9lioration progressive du ton<\/p>\n<\/li>\n<\/ul>\n<p data-start=\"4221\" data-end=\"4334\">La production de collag\u00e8ne commence imm\u00e9diatement, mais le raffermissement et le lissage visibles se d\u00e9veloppent progressivement sur plusieurs semaines.<\/p>\n<p data-start=\"4336\" data-end=\"4418\">\u00c9vitez les exercices physiques intenses, les s\u00e9ances de sauna ou l&#039;exposition directe au soleil pendant cette p\u00e9riode.<\/p>\n<h2 data-start=\"4420\" data-end=\"4476\">6. R\u00e9sultats \u00e0 long terme apr\u00e8s un traitement par micro-aiguilles RF<\/h2>\n<h3 data-start=\"4478\" data-end=\"4512\">6.1 Quand verrez-vous les r\u00e9sultats ?<\/h3>\n<p data-start=\"4514\" data-end=\"4536\">La plupart des patients observent\u00a0:<\/p>\n<ul data-start=\"4538\" data-end=\"4706\">\n<li data-start=\"4538\" data-end=\"4572\">\n<p data-start=\"4541\" data-end=\"4572\">\u00c9clat am\u00e9lior\u00e9 en une semaine<\/p>\n<\/li>\n<li data-start=\"4573\" data-end=\"4611\">\n<p data-start=\"4576\" data-end=\"4611\">R\u00e9duction de la taille des pores apr\u00e8s 3 \u00e0 4 semaines<\/p>\n<\/li>\n<li data-start=\"4612\" data-end=\"4657\">\n<p data-start=\"4615\" data-end=\"4657\">Am\u00e9lioration visible de la cicatrice apr\u00e8s 4 \u00e0 6 semaines<\/p>\n<\/li>\n<li data-start=\"4658\" data-end=\"4706\">\n<p data-start=\"4661\" data-end=\"4706\">Resserrement progressif de la peau sur 2 \u00e0 3 mois<\/p>\n<\/li>\n<\/ul>\n<p data-start=\"4708\" data-end=\"4775\">Le remodelage du collag\u00e8ne se poursuit jusqu&#039;\u00e0 3 \u00e0 6 mois apr\u00e8s le traitement.<\/p>\n<h3 data-start=\"4777\" data-end=\"4814\">6.2 Combien de s\u00e9ances sont n\u00e9cessaires ?<\/h3>\n<p data-start=\"4816\" data-end=\"4836\">Pour des r\u00e9sultats optimaux\u00a0:<\/p>\n<ul data-start=\"4838\" data-end=\"4939\">\n<li data-start=\"4838\" data-end=\"4878\">\n<p data-start=\"4841\" data-end=\"4878\">Probl\u00e8mes de texture l\u00e9gers\u00a0: 2 \u00e0 3 s\u00e9ances<\/p>\n<\/li>\n<li data-start=\"4879\" data-end=\"4908\">\n<p data-start=\"4882\" data-end=\"4908\">Cicatrices d&#039;acn\u00e9 : 3 \u00e0 4 s\u00e9ances<\/p>\n<\/li>\n<li data-start=\"4909\" data-end=\"4939\">\n<p data-start=\"4912\" data-end=\"4939\">Rel\u00e2chement cutan\u00e9 : 3 \u00e0 6 s\u00e9ances<\/p>\n<\/li>\n<\/ul>\n<p data-start=\"4941\" data-end=\"4987\">Les traitements sont g\u00e9n\u00e9ralement espac\u00e9s de 4 \u00e0 6 semaines.<\/p>\n<p data-start=\"4941\" data-end=\"4987\"><img decoding=\"async\" class=\"alignnone wp-image-12094 lazyload\" data-src=\"https:\/\/shefmon.com\/wp-content\/uploads\/2026\/03\/Before-and-After-Rf-Microneedling-Treatment-shefmon.png\" alt=\"Avant et apr\u00e8s un traitement de microneedling par radiofr\u00e9quence - shefmon\" width=\"882\" height=\"588\" data-srcset=\"https:\/\/shefmon.com\/wp-content\/uploads\/2026\/03\/Before-and-After-Rf-Microneedling-Treatment-shefmon.png 1536w, https:\/\/shefmon.com\/wp-content\/uploads\/2026\/03\/Before-and-After-Rf-Microneedling-Treatment-shefmon-300x200.png 300w, https:\/\/shefmon.com\/wp-content\/uploads\/2026\/03\/Before-and-After-Rf-Microneedling-Treatment-shefmon-1024x683.png 1024w, https:\/\/shefmon.com\/wp-content\/uploads\/2026\/03\/Before-and-After-Rf-Microneedling-Treatment-shefmon-768x512.png 768w, https:\/\/shefmon.com\/wp-content\/uploads\/2026\/03\/Before-and-After-Rf-Microneedling-Treatment-shefmon-18x12.png 18w, https:\/\/shefmon.com\/wp-content\/uploads\/2026\/03\/Before-and-After-Rf-Microneedling-Treatment-shefmon-600x400.png 600w, https:\/\/shefmon.com\/wp-content\/uploads\/2026\/03\/Before-and-After-Rf-Microneedling-Treatment-shefmon-150x100.png 150w\" data-sizes=\"(max-width: 882px) 100vw, 882px\" src=\"data:image\/gif;base64,R0lGODlhAQABAAAAACH5BAEKAAEALAAAAAABAAEAAAICTAEAOw==\" style=\"--smush-placeholder-width: 882px; --smush-placeholder-aspect-ratio: 882\/588;\" \/><\/p>\n<h2 data-start=\"4989\" data-end=\"5021\">7. Quel est le candidat id\u00e9al ?<\/h2>\n<p data-start=\"5023\" data-end=\"5198\">Le microneedling par radiofr\u00e9quence convient \u00e0 la plupart des types de peau, y compris les peaux fonc\u00e9es, car l&#039;\u00e9nergie RF contourne la m\u00e9lanine de surface et cible les couches plus profondes. Il est particuli\u00e8rement efficace pour\u00a0:<\/p>\n<ul data-start=\"5200\" data-end=\"5326\">\n<li data-start=\"5200\" data-end=\"5229\">\n<p data-start=\"5203\" data-end=\"5229\">Patients pr\u00e9sentant des cicatrices d&#039;acn\u00e9<\/p>\n<\/li>\n<li data-start=\"5230\" data-end=\"5266\">\n<p data-start=\"5233\" data-end=\"5266\">Les personnes pr\u00e9sentant des pores dilat\u00e9s<\/p>\n<\/li>\n<li data-start=\"5267\" data-end=\"5292\">\n<p data-start=\"5270\" data-end=\"5292\">Premiers signes du vieillissement<\/p>\n<\/li>\n<li data-start=\"5293\" data-end=\"5326\">\n<p data-start=\"5296\" data-end=\"5326\">Rel\u00e2chement l\u00e9ger de la m\u00e2choire ou des joues<\/p>\n<\/li>\n<\/ul>\n<p data-start=\"5328\" data-end=\"5449\">Il est toutefois important d&#039;avoir des attentes r\u00e9alistes. Ce traitement am\u00e9liore la qualit\u00e9 de la peau, mais ne remplace pas les interventions chirurgicales de lifting.<\/p>\n<h2 data-start=\"5451\" data-end=\"5482\">8. Pr\u00e9occupations et id\u00e9es re\u00e7ues courantes<\/h2>\n<h3 data-start=\"5484\" data-end=\"5520\">8.1 Le microneedling par radiofr\u00e9quence est-il douloureux ?<\/h3>\n<p data-start=\"5522\" data-end=\"5613\">Gr\u00e2ce \u00e0 la cr\u00e8me anesth\u00e9siante et aux r\u00e9glages d&#039;\u00e9nergie contr\u00f4l\u00e9s, l&#039;inconfort est minime pour la plupart des patients.<\/p>\n<h3 data-start=\"5615\" data-end=\"5641\">8.2 Y a-t-il une interruption de service ?<\/h3>\n<p data-start=\"5643\" data-end=\"5769\">Le temps de convalescence est g\u00e9n\u00e9ralement court compar\u00e9 aux traitements laser ablatifs. La plupart des patients reprennent leurs activit\u00e9s normales en 24 \u00e0 48 heures.<\/p>\n<h3 data-start=\"5771\" data-end=\"5806\">8.3 Est-ce sans danger pour les peaux plus fonc\u00e9es ?<\/h3>\n<p data-start=\"5808\" data-end=\"5961\">Oui. L&#039;\u00e9nergie RF ciblant les couches profondes du derme plut\u00f4t que les pigments de surface, elle est consid\u00e9r\u00e9e comme plus s\u00fbre pour les peaux fonc\u00e9es que certains traitements laser.<\/p>\n<h2 data-start=\"5963\" data-end=\"5976\">Conclusion<\/h2>\n<p data-start=\"5978\" data-end=\"6498\">Savoir \u00e0 quoi s&#039;attendre avant et apr\u00e8s un traitement de microneedling par radiofr\u00e9quence vous permet d&#039;aborder la proc\u00e9dure en toute confiance. De la pr\u00e9paration pr\u00e9-traitement \u00e0 la r\u00e9cup\u00e9ration post-traitement et au remodelage du collag\u00e8ne \u00e0 long terme, cette technologie offre une solution efficace et peu invasive pour am\u00e9liorer les cicatrices, les rides, les pores et le rel\u00e2chement cutan\u00e9. Gr\u00e2ce \u00e0 un \u00e9quipement professionnel permettant un contr\u00f4le pr\u00e9cis de la profondeur des aiguilles et de l&#039;\u00e9nergie RF, les patients peuvent obtenir des am\u00e9liorations visibles avec un temps de r\u00e9cup\u00e9ration relativement court et des r\u00e9sultats durables.<\/p>\n<h2 data-start=\"6505\" data-end=\"6511\">FAQ<\/h2>\n<h3 data-start=\"6513\" data-end=\"6570\">1. Combien de temps durent les rougeurs apr\u00e8s un microneedling par radiofr\u00e9quence\u00a0?<\/h3>\n<p data-start=\"6572\" data-end=\"6670\">Les rougeurs disparaissent g\u00e9n\u00e9ralement en 1 \u00e0 3 jours, selon la sensibilit\u00e9 de la peau et l&#039;intensit\u00e9 du traitement.<\/p>\n<h3 data-start=\"6672\" data-end=\"6720\">2. Puis-je me maquiller apr\u00e8s un microneedling par radiofr\u00e9quence\u00a0?<\/h3>\n<p data-start=\"6722\" data-end=\"6789\">Il est recommand\u00e9 d&#039;attendre au moins 24 heures avant d&#039;appliquer du maquillage.<\/p>\n<h3 data-start=\"6791\" data-end=\"6820\">3. Une seule s\u00e9ance suffit-elle ?<\/h3>\n<p data-start=\"6822\" data-end=\"6940\">Bien qu&#039;une certaine am\u00e9lioration puisse \u00eatre visible apr\u00e8s une seule s\u00e9ance, plusieurs traitements sont g\u00e9n\u00e9ralement n\u00e9cessaires pour obtenir des r\u00e9sultats optimaux.<\/p>\n<h3 data-start=\"6942\" data-end=\"6992\">4. Le microneedling par radiofr\u00e9quence peut-il traiter les cicatrices d&#039;acn\u00e9 profondes\u00a0?<\/h3>\n<p data-start=\"6994\" data-end=\"7094\">Oui, surtout lorsque l&#039;aiguille p\u00e9n\u00e8tre plus profond\u00e9ment. Cependant, plusieurs s\u00e9ances peuvent \u00eatre n\u00e9cessaires.<\/p>\n<h3 data-start=\"7096\" data-end=\"7149\">5. Quand puis-je reprendre ma routine de soins de la peau habituelle\u00a0?<\/h3>\n<p data-start=\"7151\" data-end=\"7248\" data-is-last-node=\"\" data-is-only-node=\"\">La plupart des principes actifs peuvent \u00eatre r\u00e9introduits progressivement apr\u00e8s 5 \u00e0 7 jours, en fonction de la r\u00e9cup\u00e9ration cutan\u00e9e.<\/p>","protected":false},"excerpt":{"rendered":"<p>Le microneedling par radiofr\u00e9quence est devenu l&#039;un des traitements de rajeunissement cutan\u00e9 non chirurgicaux les plus demand\u00e9s pour am\u00e9liorer les cicatrices d&#039;acn\u00e9, les pores dilat\u00e9s et les rides.<\/p>","protected":false},"author":5,"featured_media":12094,"comment_status":"closed","ping_status":"closed","sticky":false,"template":"","format":"standard","meta":{"footnotes":""},"categories":[47],"tags":[],"class_list":["post-12093","post","type-post","status-publish","format-standard","has-post-thumbnail","hentry","category-beauty-knowledge"],"_links":{"self":[{"href":"https:\/\/shefmon.com\/fr\/wp-json\/wp\/v2\/posts\/12093","targetHints":{"allow":["GET"]}}],"collection":[{"href":"https:\/\/shefmon.com\/fr\/wp-json\/wp\/v2\/posts"}],"about":[{"href":"https:\/\/shefmon.com\/fr\/wp-json\/wp\/v2\/types\/post"}],"author":[{"embeddable":true,"href":"https:\/\/shefmon.com\/fr\/wp-json\/wp\/v2\/users\/5"}],"replies":[{"embeddable":true,"href":"https:\/\/shefmon.com\/fr\/wp-json\/wp\/v2\/comments?post=12093"}],"version-history":[{"count":0,"href":"https:\/\/shefmon.com\/fr\/wp-json\/wp\/v2\/posts\/12093\/revisions"}],"wp:featuredmedia":[{"embeddable":true,"href":"https:\/\/shefmon.com\/fr\/wp-json\/wp\/v2\/media\/12094"}],"wp:attachment":[{"href":"https:\/\/shefmon.com\/fr\/wp-json\/wp\/v2\/media?parent=12093"}],"wp:term":[{"taxonomy":"category","embeddable":true,"href":"https:\/\/shefmon.com\/fr\/wp-json\/wp\/v2\/categories?post=12093"},{"taxonomy":"post_tag","embeddable":true,"href":"https:\/\/shefmon.com\/fr\/wp-json\/wp\/v2\/tags?post=12093"}],"curies":[{"name":"wp","href":"https:\/\/api.w.org\/{rel}","templated":true}]}}