{"id":11223,"date":"2026-01-19T17:43:42","date_gmt":"2026-01-19T09:43:42","guid":{"rendered":"https:\/\/shefmon.com\/?p=11223"},"modified":"2026-01-19T17:43:42","modified_gmt":"2026-01-19T09:43:42","slug":"can-acne-be-treated-at-a-beauty-salon","status":"publish","type":"post","link":"https:\/\/shefmon.com\/fr\/can-acne-be-treated-at-a-beauty-salon\/","title":{"rendered":"Peut-on traiter l&#039;acn\u00e9 dans un institut de beaut\u00e9\u00a0?"},"content":{"rendered":"<p data-start=\"2476\" data-end=\"2877\"><img fetchpriority=\"high\" decoding=\"async\" class=\"alignnone wp-image-7737 size-full\" src=\"https:\/\/shefmon.com\/wp-content\/uploads\/2025\/09\/\u75e4\u75ae.jpg\" alt=\"\" width=\"1000\" height=\"1000\" srcset=\"https:\/\/shefmon.com\/wp-content\/uploads\/2025\/09\/\u75e4\u75ae.jpg 1000w, https:\/\/shefmon.com\/wp-content\/uploads\/2025\/09\/\u75e4\u75ae-300x300.jpg 300w, https:\/\/shefmon.com\/wp-content\/uploads\/2025\/09\/\u75e4\u75ae-150x150.jpg 150w, https:\/\/shefmon.com\/wp-content\/uploads\/2025\/09\/\u75e4\u75ae-600x600.jpg 600w, https:\/\/shefmon.com\/wp-content\/uploads\/2025\/09\/\u75e4\u75ae-768x768.jpg 768w\" sizes=\"(max-width: 1000px) 100vw, 1000px\" \/><\/p>\n<p data-start=\"2476\" data-end=\"2877\">L&#039;acn\u00e9. Rien que d&#039;entendre ce mot, on a souvent envie de soupirer, de lever les yeux au ciel ou de se toucher le visage machinalement. C&#039;est un probl\u00e8me de peau qui nous touche personnellement, qui est frustrant et qui persiste avec acharnement. Traditionnellement, le traitement de l&#039;acn\u00e9 est associ\u00e9 aux cliniques dermatologiques et aux m\u00e9dicaments sur ordonnance. Mais aujourd&#039;hui, beaucoup se posent la question suivante\u00a0: <strong data-start=\"2835\" data-end=\"2877\">Peut-on traiter l&#039;acn\u00e9 dans un institut de beaut\u00e9\u00a0?<\/strong><\/p>\n<p data-start=\"2879\" data-end=\"2975\">R\u00e9ponse courte ? Oui \u2014<strong data-start=\"2897\" data-end=\"2934\">Dans de nombreux cas, c&#039;est tout \u00e0 fait possible.<\/strong><br data-start=\"2934\" data-end=\"2937\" \/>R\u00e9ponse longue ? Analysons-la en d\u00e9tail.<\/p>\n<h2 data-start=\"2982\" data-end=\"3039\"><strong data-start=\"2985\" data-end=\"3039\">Comprendre l&#039;acn\u00e9 \u2013 bien plus qu&#039;un simple probl\u00e8me de peau<\/strong><\/h2>\n<p data-start=\"3041\" data-end=\"3215\">L&#039;acn\u00e9 ne se r\u00e9sume pas \u00e0 quelques boutons qui apparaissent avant un \u00e9v\u00e9nement important. C&#039;est une affection cutan\u00e9e complexe qui implique la production de s\u00e9bum, des bact\u00e9ries, une inflammation et le renouvellement des cellules cutan\u00e9es.<\/p>\n<h3 data-start=\"3217\" data-end=\"3242\"><strong data-start=\"3221\" data-end=\"3242\">Quelles sont les causes de l&#039;acn\u00e9 ?<\/strong><\/h3>\n<p data-start=\"3244\" data-end=\"3381\">Imaginez vos pores comme de minuscules tunnels. Lorsque le s\u00e9bum, les cellules mortes et les bact\u00e9ries obstruent ces tunnels, une inflammation se produit et l&#039;acn\u00e9 appara\u00eet.<\/p>\n<h4 data-start=\"3383\" data-end=\"3433\"><strong data-start=\"3388\" data-end=\"3433\">Hormones, bact\u00e9ries et facteurs li\u00e9s au mode de vie<\/strong><\/h4>\n<ul data-start=\"3435\" data-end=\"3616\">\n<li data-start=\"3435\" data-end=\"3496\">\n<p data-start=\"3437\" data-end=\"3496\">Fluctuations hormonales (surtout pendant la pubert\u00e9 ou en cas de stress)<\/p>\n<\/li>\n<li data-start=\"3497\" data-end=\"3530\">\n<p data-start=\"3499\" data-end=\"3530\">Production excessive de s\u00e9bum (huile)<\/p>\n<\/li>\n<li data-start=\"3531\" data-end=\"3571\">\n<p data-start=\"3533\" data-end=\"3571\">Des bact\u00e9ries telles que <em data-start=\"3550\" data-end=\"3571\">Cutibacterium acnes<\/em><\/p>\n<\/li>\n<li data-start=\"3572\" data-end=\"3616\">\n<p data-start=\"3574\" data-end=\"3616\">Habitudes en mati\u00e8re d&#039;alimentation, de sommeil, de stress et de soins de la peau<\/p>\n<\/li>\n<\/ul>\n<p data-start=\"3618\" data-end=\"3695\">L&#039;acn\u00e9, c&#039;est en gros votre peau qui tire la sonnette d&#039;alarme en disant : \u00ab Il y a un probl\u00e8me. \u00bb<\/p>\n<h3 data-start=\"3697\" data-end=\"3728\"><strong data-start=\"3701\" data-end=\"3728\">Diff\u00e9rents types d&#039;acn\u00e9<\/strong><\/h3>\n<p data-start=\"3730\" data-end=\"3760\">Tous les types d&#039;acn\u00e9 ne se ressemblent pas\u00a0:<\/p>\n<ul data-start=\"3761\" data-end=\"3837\">\n<li data-start=\"3761\" data-end=\"3790\">\n<p data-start=\"3763\" data-end=\"3790\">Points noirs et points blancs<\/p>\n<\/li>\n<li data-start=\"3791\" data-end=\"3815\">\n<p data-start=\"3793\" data-end=\"3815\">Papules et pustules<\/p>\n<\/li>\n<li data-start=\"3816\" data-end=\"3837\">\n<p data-start=\"3818\" data-end=\"3837\">Nodules et kystes<\/p>\n<\/li>\n<\/ul>\n<p data-start=\"3839\" data-end=\"3959\">Les salons de beaut\u00e9 se concentrent g\u00e9n\u00e9ralement sur <strong data-start=\"3872\" data-end=\"3897\">acn\u00e9 l\u00e9g\u00e8re \u00e0 mod\u00e9r\u00e9e<\/strong>, tandis que l&#039;acn\u00e9 kystique s\u00e9v\u00e8re n\u00e9cessite souvent un suivi m\u00e9dical.<\/p>\n<h2 data-start=\"3966\" data-end=\"4032\"><strong data-start=\"3969\" data-end=\"4032\">Salon de beaut\u00e9 ou clinique dermatologique\u00a0? Quelle est la diff\u00e9rence\u00a0?<\/strong><\/h2>\n<p data-start=\"4034\" data-end=\"4073\">C&#039;est souvent l\u00e0 que la confusion s&#039;installe.<\/p>\n<h3 data-start=\"4075\" data-end=\"4119\"><strong data-start=\"4079\" data-end=\"4119\">\u00c9tendue des soins propos\u00e9s dans les salons de beaut\u00e9<\/strong><\/h3>\n<p data-start=\"4121\" data-end=\"4309\">Les salons de beaut\u00e9 modernes ne se limitent plus aux soins du visage et aux massages. Nombre d&#039;entre eux sont \u00e9quip\u00e9s de <strong data-start=\"4212\" data-end=\"4248\">appareils laser esth\u00e9tiques avanc\u00e9s<\/strong>, des syst\u00e8mes de soins de la peau de qualit\u00e9 professionnelle et des op\u00e9rateurs form\u00e9s.<\/p>\n<p data-start=\"4311\" data-end=\"4342\">Les salons peuvent efficacement r\u00e9pondre aux besoins suivants\u00a0:<\/p>\n<ul data-start=\"4343\" data-end=\"4471\">\n<li data-start=\"4343\" data-end=\"4371\">\n<p data-start=\"4345\" data-end=\"4371\">Peau grasse et sujette \u00e0 l&#039;acn\u00e9<\/p>\n<\/li>\n<li data-start=\"4372\" data-end=\"4393\">\n<p data-start=\"4374\" data-end=\"4393\">Acn\u00e9 inflammatoire<\/p>\n<\/li>\n<li data-start=\"4394\" data-end=\"4412\">\n<p data-start=\"4396\" data-end=\"4412\">Pores dilat\u00e9s<\/p>\n<\/li>\n<li data-start=\"4413\" data-end=\"4439\">\n<p data-start=\"4415\" data-end=\"4439\">Pigmentation post-acn\u00e9ique<\/p>\n<\/li>\n<li data-start=\"4440\" data-end=\"4471\">\n<p data-start=\"4442\" data-end=\"4471\">Cicatrices d&#039;acn\u00e9 l\u00e9g\u00e8res \u00e0 mod\u00e9r\u00e9es<\/p>\n<\/li>\n<\/ul>\n<h3 data-start=\"4473\" data-end=\"4516\"><strong data-start=\"4477\" data-end=\"4516\">Quand un traitement m\u00e9dical est n\u00e9cessaire<\/strong><\/h3>\n<p data-start=\"4518\" data-end=\"4698\">En cas d&#039;acn\u00e9 s\u00e9v\u00e8re, douloureuse, kystique ou accompagn\u00e9e de probl\u00e8mes syst\u00e9miques, une prise en charge dermatologique est indispensable. Les instituts de beaut\u00e9 compl\u00e8tent, sans toutefois remplacer, le traitement m\u00e9dical.<\/p>\n<h2 data-start=\"4705\" data-end=\"4757\"><strong data-start=\"4708\" data-end=\"4757\">Peut-on vraiment soigner l&#039;acn\u00e9 dans un institut de beaut\u00e9\u00a0?<\/strong><\/h2>\n<p data-start=\"4759\" data-end=\"4878\">Voici la v\u00e9rit\u00e9, toute la v\u00e9rit\u00e9 : <strong data-start=\"4784\" data-end=\"4878\">Les instituts de beaut\u00e9 peuvent traiter efficacement l&#039;acn\u00e9 lorsqu&#039;ils utilisent les technologies et l&#039;expertise appropri\u00e9es.<\/strong><\/p>\n<h3 data-start=\"4880\" data-end=\"4920\"><strong data-start=\"4884\" data-end=\"4920\">Gestion de l&#039;acn\u00e9 l\u00e9g\u00e8re \u00e0 mod\u00e9r\u00e9e<\/strong><\/h3>\n<p data-start=\"4922\" data-end=\"4960\">Gr\u00e2ce aux appareils professionnels, les salons peuvent\u00a0:<\/p>\n<ul data-start=\"4961\" data-end=\"5064\">\n<li data-start=\"4961\" data-end=\"4985\">\n<p data-start=\"4963\" data-end=\"4985\">R\u00e9duire la s\u00e9cr\u00e9tion de s\u00e9bum<\/p>\n<\/li>\n<li data-start=\"4986\" data-end=\"5016\">\n<p data-start=\"4988\" data-end=\"5016\">\u00c9liminer les bact\u00e9ries responsables de l&#039;acn\u00e9<\/p>\n<\/li>\n<li data-start=\"5017\" data-end=\"5038\">\n<p data-start=\"5019\" data-end=\"5038\">Calmer l&#039;inflammation<\/p>\n<\/li>\n<li data-start=\"5039\" data-end=\"5064\">\n<p data-start=\"5041\" data-end=\"5064\">Acc\u00e9l\u00e9rer la cicatrisation de la peau<\/p>\n<\/li>\n<\/ul>\n<h3 data-start=\"5066\" data-end=\"5116\"><strong data-start=\"5070\" data-end=\"5116\">Le r\u00f4le des appareils esth\u00e9tiques professionnels<\/strong><\/h3>\n<p data-start=\"5118\" data-end=\"5277\">C\u2019est l\u00e0 que la technologie fait toute la diff\u00e9rence. Les syst\u00e8mes laser de haute qualit\u00e9 peuvent p\u00e9n\u00e9trer plus profond\u00e9ment que les traitements topiques, agissant l\u00e0 o\u00f9 l\u2019acn\u00e9 se forme r\u00e9ellement.<\/p>\n<h2 data-start=\"5284\" data-end=\"5332\"><strong data-start=\"5287\" data-end=\"5332\">Les technologies modernes transforment le traitement de l&#039;acn\u00e9<\/strong><\/h2>\n<p data-start=\"5334\" data-end=\"5400\">Les soins contre l&#039;acn\u00e9 sont entr\u00e9s dans une nouvelle \u00e8re, et les lasers sont \u00e0 l&#039;avant-garde de cette r\u00e9volution.<\/p>\n<h3 data-start=\"5402\" data-end=\"5448\"><strong data-start=\"5406\" data-end=\"5448\">Pourquoi la technologie laser change la donne<\/strong><\/h3>\n<p data-start=\"5450\" data-end=\"5492\">Les lasers ne traitent pas seulement la surface. Ils :<\/p>\n<ul data-start=\"5493\" data-end=\"5590\">\n<li data-start=\"5493\" data-end=\"5520\">\n<p data-start=\"5495\" data-end=\"5520\">Cibler les glandes s\u00e9bac\u00e9es<\/p>\n<\/li>\n<li data-start=\"5521\" data-end=\"5556\">\n<p data-start=\"5523\" data-end=\"5556\">Stimuler la r\u00e9g\u00e9n\u00e9ration du collag\u00e8ne<\/p>\n<\/li>\n<li data-start=\"5557\" data-end=\"5590\">\n<p data-start=\"5559\" data-end=\"5590\">Am\u00e9liorer le grain et le teint de la peau<\/p>\n<\/li>\n<\/ul>\n<p data-start=\"5592\" data-end=\"5675\">C&#039;est comme passer d&#039;un balai \u00e0 un aspirateur : m\u00eame objectif, r\u00e9sultats bien meilleurs.<\/p>\n<h3 data-start=\"5677\" data-end=\"5729\"><strong data-start=\"5681\" data-end=\"5729\">S\u00e9curit\u00e9 et pr\u00e9cision des appareils professionnels<\/strong><\/h3>\n<p data-start=\"5731\" data-end=\"5763\">Les lasers modernes sont con\u00e7us avec\u00a0:<\/p>\n<ul data-start=\"5764\" data-end=\"5847\">\n<li data-start=\"5764\" data-end=\"5789\">\n<p data-start=\"5766\" data-end=\"5789\">Param\u00e8tres r\u00e9glables<\/p>\n<\/li>\n<li data-start=\"5790\" data-end=\"5816\">\n<p data-start=\"5792\" data-end=\"5816\">adaptabilit\u00e9 au type de peau<\/p>\n<\/li>\n<li data-start=\"5817\" data-end=\"5847\">\n<p data-start=\"5819\" data-end=\"5847\">Distribution d&#039;\u00e9nergie contr\u00f4l\u00e9e<\/p>\n<\/li>\n<\/ul>\n<p data-start=\"5849\" data-end=\"5910\">Cela les rend adapt\u00e9es aux environnements de salons professionnels.<\/p>\n<h2 data-start=\"5917\" data-end=\"5969\"><strong data-start=\"5920\" data-end=\"5969\">Lasers fractionn\u00e9s CO\u2082 pour l&#039;acn\u00e9 et les cicatrices d&#039;acn\u00e9<\/strong><\/h2>\n<p data-start=\"5971\" data-end=\"6076\">Les lasers fractionn\u00e9s CO\u2082 sont largement reconnus comme l&#039;un des outils les plus puissants dans le traitement de l&#039;acn\u00e9 et des cicatrices.<\/p>\n<h3 data-start=\"6078\" data-end=\"6116\"><strong data-start=\"6082\" data-end=\"6116\">Comment fonctionnent les lasers fractionn\u00e9s CO\u2082 ?<\/strong><\/h3>\n<p data-start=\"6118\" data-end=\"6256\">Elles cr\u00e9ent des zones thermiques microscopiques dans la peau, d\u00e9clenchant la r\u00e9ponse de gu\u00e9rison naturelle du corps tout en laissant les tissus environnants intacts.<\/p>\n<h3 data-start=\"6258\" data-end=\"6303\"><strong data-start=\"6262\" data-end=\"6303\">Bienfaits pour l&#039;acn\u00e9 active et les cicatrices<\/strong><\/h3>\n<ul data-start=\"6305\" data-end=\"6409\">\n<li data-start=\"6305\" data-end=\"6330\">\n<p data-start=\"6307\" data-end=\"6330\">R\u00e9duit les bact\u00e9ries responsables de l&#039;acn\u00e9<\/p>\n<\/li>\n<li data-start=\"6331\" data-end=\"6353\">\n<p data-start=\"6333\" data-end=\"6353\">R\u00e9duit la taille des glandes s\u00e9bac\u00e9es<\/p>\n<\/li>\n<li data-start=\"6354\" data-end=\"6385\">\n<p data-start=\"6356\" data-end=\"6385\">Lisse le grain de peau irr\u00e9gulier<\/p>\n<\/li>\n<li data-start=\"6386\" data-end=\"6409\">\n<p data-start=\"6388\" data-end=\"6409\">Am\u00e9liore les cicatrices d&#039;acn\u00e9<\/p>\n<\/li>\n<\/ul>\n<h4 data-start=\"6411\" data-end=\"6444\"><strong data-start=\"6416\" data-end=\"6444\">R\u00e9g\u00e9n\u00e9ration cutan\u00e9e de l&#039;int\u00e9rieur<\/strong><\/h4>\n<p data-start=\"6446\" data-end=\"6530\">Au lieu de masquer le probl\u00e8me, les lasers CO\u2082 <strong data-start=\"6489\" data-end=\"6529\">reconstruire la peau de l&#039;int\u00e9rieur vers l&#039;ext\u00e9rieur<\/strong>.<\/p>\n<h2 data-start=\"6537\" data-end=\"6591\"><strong data-start=\"6540\" data-end=\"6591\">Laser fractionnel CO\u2082 ultra \u00e0 fibre Shefmon 2910 nm<\/strong><\/h2>\n<p data-start=\"6593\" data-end=\"6781\">Un appareil remarquable pour les soins anti-acn\u00e9 en institut est le<br data-start=\"6645\" data-end=\"6648\" \/>\ud83d\udc49 <strong data-start=\"6651\" data-end=\"6702\">Laser fractionnel CO\u2082 ultra \u00e0 fibre Shefmon 2910 nm<\/strong><br data-start=\"6702\" data-end=\"6705\" \/><a class=\"decorated-link\" href=\"https:\/\/shefmon.com\/product\/shefmon-2910nm-fiber-fractional-co2-ultra-laser\/\" target=\"_new\" rel=\"noopener\" data-start=\"6705\" data-end=\"6781\">https:\/\/shefmon.com\/product\/shefmon-2910nm-fiber-fractional-co2-ultra-laser\/<\/a><\/p>\n<h3 data-start=\"6783\" data-end=\"6803\"><strong data-start=\"6787\" data-end=\"6803\">Caract\u00e9ristiques principales<\/strong><\/h3>\n<ul data-start=\"6805\" data-end=\"6941\">\n<li data-start=\"6805\" data-end=\"6854\">\n<p data-start=\"6807\" data-end=\"6854\">Longueur d&#039;onde de 2910 nm pour une absorption cutan\u00e9e optimale<\/p>\n<\/li>\n<li data-start=\"6855\" data-end=\"6900\">\n<p data-start=\"6857\" data-end=\"6900\">Technologie fractionn\u00e9e pour une r\u00e9cup\u00e9ration plus rapide<\/p>\n<\/li>\n<li data-start=\"6901\" data-end=\"6941\">\n<p data-start=\"6903\" data-end=\"6941\">Haute pr\u00e9cision avec un temps d&#039;arr\u00eat minimal<\/p>\n<\/li>\n<\/ul>\n<h3 data-start=\"6943\" data-end=\"6983\"><strong data-start=\"6947\" data-end=\"6983\">Pourquoi c&#039;est id\u00e9al pour les salons de beaut\u00e9<\/strong><\/h3>\n<p data-start=\"6985\" data-end=\"7132\">Ce syst\u00e8me offre un \u00e9quilibre entre <strong data-start=\"7022\" data-end=\"7042\">puissance et s\u00e9curit\u00e9<\/strong>ce qui la rend adapt\u00e9e aux environnements esth\u00e9tiques professionnels sans compromettre les r\u00e9sultats.<\/p>\n<h2 data-start=\"7139\" data-end=\"7182\"><strong data-start=\"7142\" data-end=\"7182\">Lasers picosecondes et traitement de l&#039;acn\u00e9<\/strong><\/h2>\n<p data-start=\"7184\" data-end=\"7276\">La plupart des gens associent les lasers picosecondes au d\u00e9tatouage. Mais ce n&#039;est que la moiti\u00e9 de l&#039;histoire.<\/p>\n<h3 data-start=\"7278\" data-end=\"7307\"><strong data-start=\"7282\" data-end=\"7307\">Au-del\u00e0 du d\u00e9tatouage<\/strong><\/h3>\n<p data-start=\"7309\" data-end=\"7332\">Lasers picosecondes \u00e9galement\u00a0:<\/p>\n<ul data-start=\"7333\" data-end=\"7415\">\n<li data-start=\"7333\" data-end=\"7356\">\n<p data-start=\"7335\" data-end=\"7356\">R\u00e9duire l&#039;inflammation<\/p>\n<\/li>\n<li data-start=\"7357\" data-end=\"7391\">\n<p data-start=\"7359\" data-end=\"7391\">Am\u00e9liorer la pigmentation post-acn\u00e9ique<\/p>\n<\/li>\n<li data-start=\"7392\" data-end=\"7415\">\n<p data-start=\"7394\" data-end=\"7415\">Affiner le grain de peau<\/p>\n<\/li>\n<\/ul>\n<h3 data-start=\"7417\" data-end=\"7457\"><strong data-start=\"7421\" data-end=\"7457\">Contr\u00f4ler le s\u00e9bum et l&#039;inflammation<\/strong><\/h3>\n<p data-start=\"7459\" data-end=\"7552\">En d\u00e9livrant des impulsions ultracourtes, ces lasers minimisent les dommages thermiques tout en maximisant les r\u00e9sultats.<\/p>\n<h2 data-start=\"7559\" data-end=\"7616\"><strong data-start=\"7562\" data-end=\"7616\">Laser picoseconde \u00e0 commutation Q Shefmon 1064 nm et 532 nm<\/strong><\/h2>\n<p data-start=\"7618\" data-end=\"7830\">Une autre option avanc\u00e9e est la<br data-start=\"7648\" data-end=\"7651\" \/>\ud83d\udc49 <strong data-start=\"7654\" data-end=\"7718\">Laser YAG super picoseconde \u00e0 commutation Q Shefmon 1064 nm et 532 nm<\/strong><br data-start=\"7718\" data-end=\"7721\" \/><a class=\"decorated-link\" href=\"https:\/\/shefmon.com\/product\/a0507-1064nm-532nm-q-switched-super-picosecond-picosure-yag-laser-tattoo-removal\/\" target=\"_new\" rel=\"noopener\" data-start=\"7721\" data-end=\"7830\">https:\/\/shefmon.com\/product\/a0507-1064nm-532nm-q-switched-super-picosecond-picosure-yag-laser-tattoo-removal\/<\/a><\/p>\n<h3 data-start=\"7832\" data-end=\"7871\"><strong data-start=\"7836\" data-end=\"7871\">Capacit\u00e9s avanc\u00e9es en mati\u00e8re de soins contre l&#039;acn\u00e9<\/strong><\/h3>\n<ul data-start=\"7873\" data-end=\"7968\">\n<li data-start=\"7873\" data-end=\"7910\">\n<p data-start=\"7875\" data-end=\"7910\">Cible la pigmentation li\u00e9e \u00e0 l&#039;acn\u00e9<\/p>\n<\/li>\n<li data-start=\"7911\" data-end=\"7936\">\n<p data-start=\"7913\" data-end=\"7936\">Am\u00e9liore l&#039;\u00e9clat de la peau<\/p>\n<\/li>\n<li data-start=\"7937\" data-end=\"7968\">\n<p data-start=\"7939\" data-end=\"7968\">Am\u00e9liore le teint g\u00e9n\u00e9ral<\/p>\n<\/li>\n<\/ul>\n<p data-start=\"7970\" data-end=\"8035\">C&#039;est comme traiter plusieurs probl\u00e8mes de peau avec une seule solution intelligente.<\/p>\n<h2 data-start=\"8042\" data-end=\"8085\"><strong data-start=\"8045\" data-end=\"8085\">Traitement des cicatrices d&#039;acn\u00e9 en institut de beaut\u00e9<\/strong><\/h2>\n<p data-start=\"8087\" data-end=\"8195\">Les cicatrices d&#039;acn\u00e9 peuvent persister longtemps apr\u00e8s la disparition des pouss\u00e9es d&#039;acn\u00e9, et elles affectent souvent la confiance en soi davantage que l&#039;acn\u00e9 elle-m\u00eame.<\/p>\n<h3 data-start=\"8197\" data-end=\"8247\"><strong data-start=\"8201\" data-end=\"8247\">Pourquoi les cicatrices d&#039;acn\u00e9 n\u00e9cessitent une technologie sp\u00e9cialis\u00e9e<\/strong><\/h3>\n<p data-start=\"8249\" data-end=\"8291\">Les cr\u00e8mes ne peuvent pas reconstituer le collag\u00e8ne. Les lasers, si.<\/p>\n<h3 data-start=\"8293\" data-end=\"8332\"><strong data-start=\"8297\" data-end=\"8332\">Avantages du laser CO\u2082 fractionn\u00e9<\/strong><\/h3>\n<p data-start=\"8334\" data-end=\"8339\">Ils:<\/p>\n<ul data-start=\"8340\" data-end=\"8426\">\n<li data-start=\"8340\" data-end=\"8373\">\n<p data-start=\"8342\" data-end=\"8373\">Stimuler la production de collag\u00e8ne<\/p>\n<\/li>\n<li data-start=\"8374\" data-end=\"8400\">\n<p data-start=\"8376\" data-end=\"8400\">Cicatrices lisses et d\u00e9prim\u00e9es<\/p>\n<\/li>\n<li data-start=\"8401\" data-end=\"8426\">\n<p data-start=\"8403\" data-end=\"8426\">Am\u00e9liorer la fermet\u00e9 de la peau<\/p>\n<\/li>\n<\/ul>\n<h2 data-start=\"8433\" data-end=\"8491\"><strong data-start=\"8436\" data-end=\"8491\">Laser fractionn\u00e9 CO\u2082 pour l&#039;\u00e9limination professionnelle des cicatrices d&#039;acn\u00e9<\/strong><\/h2>\n<p data-start=\"8493\" data-end=\"8715\">Pour les cicatrices plus profondes, les salons peuvent s&#039;appuyer sur<br data-start=\"8529\" data-end=\"8532\" \/>\ud83d\udc49 <strong data-start=\"8535\" data-end=\"8608\">\u00c9quipement laser fractionn\u00e9 CO\u2082 10600 nm pour l&#039;\u00e9limination professionnelle des cicatrices d&#039;acn\u00e9<\/strong><br data-start=\"8608\" data-end=\"8611\" \/><a class=\"decorated-link\" href=\"https:\/\/shefmon.com\/product\/a0529-professional-acne-scar-removal-10600nm-co2-fractional-laser-equipment\/\" target=\"_new\" rel=\"noopener\" data-start=\"8611\" data-end=\"8715\">https:\/\/shefmon.com\/product\/a0529-professional-acne-scar-removal-10600nm-co2-fractional-laser-equipment\/<\/a><\/p>\n<h3 data-start=\"8717\" data-end=\"8746\"><strong data-start=\"8721\" data-end=\"8746\">La pr\u00e9cision rencontre la puissance<\/strong><\/h3>\n<p data-start=\"8748\" data-end=\"8870\">Cet appareil d\u00e9livre une \u00e9nergie contr\u00f4l\u00e9e exactement l\u00e0 o\u00f9 elle est n\u00e9cessaire, ce qui en fait un outil puissant pour l&#039;am\u00e9lioration des cicatrices \u00e0 long terme.<\/p>\n<h2 data-start=\"8877\" data-end=\"8916\"><strong data-start=\"8880\" data-end=\"8916\">Quels r\u00e9sultats les clients peuvent-ils esp\u00e9rer ?<\/strong><\/h2>\n<p data-start=\"8918\" data-end=\"8951\">Fixons-nous des attentes r\u00e9alistes.<\/p>\n<h3 data-start=\"8953\" data-end=\"8997\"><strong data-start=\"8957\" data-end=\"8997\">Am\u00e9liorations \u00e0 court terme vs am\u00e9liorations \u00e0 long terme<\/strong><\/h3>\n<p data-start=\"8999\" data-end=\"9010\">Court terme :<\/p>\n<ul data-start=\"9011\" data-end=\"9073\">\n<li data-start=\"9011\" data-end=\"9030\">\n<p data-start=\"9013\" data-end=\"9030\">Rougeurs r\u00e9duites<\/p>\n<\/li>\n<li data-start=\"9031\" data-end=\"9046\">\n<p data-start=\"9033\" data-end=\"9046\">Peau apais\u00e9e<\/p>\n<\/li>\n<li data-start=\"9047\" data-end=\"9073\">\n<p data-start=\"9049\" data-end=\"9073\">Moins de pouss\u00e9es actives<\/p>\n<\/li>\n<\/ul>\n<p data-start=\"9075\" data-end=\"9085\">\u00c0 long terme :<\/p>\n<ul data-start=\"9086\" data-end=\"9160\">\n<li data-start=\"9086\" data-end=\"9111\">\n<p data-start=\"9088\" data-end=\"9111\">Texture de la peau am\u00e9lior\u00e9e<\/p>\n<\/li>\n<li data-start=\"9112\" data-end=\"9132\">\n<p data-start=\"9114\" data-end=\"9132\">Cicatrices r\u00e9duites<\/p>\n<\/li>\n<li data-start=\"9133\" data-end=\"9160\">\n<p data-start=\"9135\" data-end=\"9160\">Production p\u00e9troli\u00e8re \u00e9quilibr\u00e9e<\/p>\n<\/li>\n<\/ul>\n<p data-start=\"9162\" data-end=\"9251\">La r\u00e9gularit\u00e9 est essentielle. L&#039;acn\u00e9 n&#039;appara\u00eet pas du jour au lendemain, et elle ne dispara\u00eetra pas du jour au lendemain non plus.<\/p>\n<h2 data-start=\"9258\" data-end=\"9299\"><strong data-start=\"9261\" data-end=\"9299\">S\u00e9curit\u00e9, formation et confiance des clients<\/strong><\/h2>\n<p data-start=\"9301\" data-end=\"9352\">La technologie est puissante, mais seulement entre de bonnes mains.<\/p>\n<h3 data-start=\"9354\" data-end=\"9398\"><strong data-start=\"9358\" data-end=\"9398\">Importance du fonctionnement professionnel<\/strong><\/h3>\n<p data-start=\"9400\" data-end=\"9426\">Les salons de beaut\u00e9 doivent veiller \u00e0\u00a0:<\/p>\n<ul data-start=\"9427\" data-end=\"9511\">\n<li data-start=\"9427\" data-end=\"9452\">\n<p data-start=\"9429\" data-end=\"9452\">Formation ad\u00e9quate du personnel<\/p>\n<\/li>\n<li data-start=\"9453\" data-end=\"9480\">\n<p data-start=\"9455\" data-end=\"9480\">\u00c9valuation correcte de la peau<\/p>\n<\/li>\n<li data-start=\"9481\" data-end=\"9511\">\n<p data-start=\"9483\" data-end=\"9511\">Plans de traitement personnalis\u00e9s<\/p>\n<\/li>\n<\/ul>\n<p data-start=\"9513\" data-end=\"9566\">La confiance se construit lorsque les r\u00e9sultats r\u00e9pondent aux attentes en toute s\u00e9curit\u00e9.<\/p>\n<h2 data-start=\"9573\" data-end=\"9633\"><strong data-start=\"9576\" data-end=\"9633\">Qui est le candidat id\u00e9al pour les traitements anti-acn\u00e9 en institut ?<\/strong><\/h2>\n<h3 data-start=\"9635\" data-end=\"9670\"><strong data-start=\"9639\" data-end=\"9670\">Types de peau et attentes<\/strong><\/h3>\n<p data-start=\"9672\" data-end=\"9689\">Candidats id\u00e9aux\u00a0:<\/p>\n<ul data-start=\"9690\" data-end=\"9810\">\n<li data-start=\"9690\" data-end=\"9725\">\n<p data-start=\"9692\" data-end=\"9725\">Personnes souffrant d&#039;acn\u00e9 l\u00e9g\u00e8re \u00e0 mod\u00e9r\u00e9e<\/p>\n<\/li>\n<li data-start=\"9726\" data-end=\"9769\">\n<p data-start=\"9728\" data-end=\"9769\">Clients pr\u00e9sentant des cicatrices d&#039;acn\u00e9 ou une pigmentation<\/p>\n<\/li>\n<li data-start=\"9770\" data-end=\"9810\">\n<p data-start=\"9772\" data-end=\"9810\">Ceux qui recherchent des solutions non invasives<\/p>\n<\/li>\n<\/ul>\n<p data-start=\"9812\" data-end=\"9822\">Pas id\u00e9al :<\/p>\n<ul data-start=\"9823\" data-end=\"9873\">\n<li data-start=\"9823\" data-end=\"9873\">\n<p data-start=\"9825\" data-end=\"9873\">Acn\u00e9 kystique s\u00e9v\u00e8re sans surveillance m\u00e9dicale<\/p>\n<\/li>\n<\/ul>\n<h2 data-start=\"9880\" data-end=\"9950\"><strong data-start=\"9883\" data-end=\"9950\">Verdict final \u2013 Les salons de beaut\u00e9 sont-ils efficaces pour le traitement de l&#039;acn\u00e9\u00a0?<\/strong><\/h2>\n<p data-start=\"9952\" data-end=\"10032\">Absolument-<strong data-start=\"9963\" data-end=\"10031\">lorsqu&#039;il est dot\u00e9 de technologies de pointe et de professionnels qualifi\u00e9s<\/strong>.<\/p>\n<p data-start=\"10034\" data-end=\"10201\">Aujourd&#039;hui, les salons de beaut\u00e9 ne sont plus seulement synonymes de d\u00e9tente. Ils deviennent <strong data-start=\"10109\" data-end=\"10149\">centres de soins de la peau ax\u00e9s sur les r\u00e9sultats<\/strong>, capable de traiter l&#039;acn\u00e9 de mani\u00e8re s\u00fbre et efficace.<\/p>\n<h2 data-start=\"10208\" data-end=\"10225\"><strong data-start=\"10211\" data-end=\"10225\">Conclusion<\/strong><\/h2>\n<p data-start=\"10227\" data-end=\"10316\">Peut-on donc traiter l&#039;acn\u00e9 dans un institut de beaut\u00e9\u00a0?<br data-start=\"10269\" data-end=\"10272\" \/>Oui, et dans de nombreux cas, <strong data-start=\"10295\" data-end=\"10315\">tr\u00e8s efficacement<\/strong>.<\/p>\n<p data-start=\"10318\" data-end=\"10600\">Gr\u00e2ce \u00e0 des appareils de pointe comme les lasers fractionn\u00e9s CO\u2082 et les syst\u00e8mes laser picosecondes, les instituts de beaut\u00e9 peuvent traiter l&#039;acn\u00e9, r\u00e9duire l&#039;inflammation, am\u00e9liorer le grain de peau et m\u00eame att\u00e9nuer les cicatrices d&#039;acn\u00e9. Si les cas les plus s\u00e9v\u00e8res n\u00e9cessitent toujours une prise en charge m\u00e9dicale, les instituts modernes jouent un r\u00f4le important dans le traitement de l&#039;acn\u00e9.<\/p>\n<p data-start=\"10602\" data-end=\"10662\">Une peau nette n&#039;est plus un r\u00eave, c&#039;est un plan de traitement.<\/p>\n<h2 data-start=\"10669\" data-end=\"10709\"><strong data-start=\"10672\" data-end=\"10709\">Foire aux questions (FAQ)<\/strong><\/h2>\n<h3 data-start=\"10711\" data-end=\"10753\"><strong data-start=\"10715\" data-end=\"10751\">1. Les traitements anti-acn\u00e9 en salon sont-ils s\u00fbrs ?<\/strong><\/h3>\n<p data-start=\"10754\" data-end=\"10825\">Oui, lorsqu&#039;elle est effectu\u00e9e par des professionnels form\u00e9s utilisant du mat\u00e9riel certifi\u00e9.<\/p>\n<h3 data-start=\"10827\" data-end=\"10875\"><strong data-start=\"10831\" data-end=\"10873\">2. Les salons de beaut\u00e9 peuvent-ils traiter les cicatrices d&#039;acn\u00e9 ?<\/strong><\/h3>\n<p data-start=\"10876\" data-end=\"10929\">Oui, surtout avec la technologie laser fractionn\u00e9e CO\u2082.<\/p>\n<h3 data-start=\"10931\" data-end=\"10973\"><strong data-start=\"10935\" data-end=\"10971\">3. Combien de s\u00e9ances sont n\u00e9cessaires ?<\/strong><\/h3>\n<p data-start=\"10974\" data-end=\"11056\">Cela d\u00e9pend de la gravit\u00e9 de l&#039;acn\u00e9, mais la plupart des clients constatent des r\u00e9sultats en quelques s\u00e9ances.<\/p>\n<h3 data-start=\"11058\" data-end=\"11103\"><strong data-start=\"11062\" data-end=\"11101\">4. Le traitement de l&#039;acn\u00e9 au laser est-il douloureux\u00a0?<\/strong><\/h3>\n<p data-start=\"11104\" data-end=\"11193\">La plupart des traitements entra\u00eenent une l\u00e9g\u00e8re g\u00eane, souvent d\u00e9crite comme une sensation de chaleur ou de picotements.<\/p>\n<h3 data-start=\"11195\" data-end=\"11252\"><strong data-start=\"11199\" data-end=\"11250\">5. Les soins en institut peuvent-ils remplacer les dermatologues\u00a0?<\/strong><\/h3>\n<p data-start=\"11253\" data-end=\"11348\">Non. Les salons de beaut\u00e9 compl\u00e8tent les soins dermatologiques mais ne remplacent pas le traitement m\u00e9dical de l&#039;acn\u00e9 s\u00e9v\u00e8re.<\/p>","protected":false},"excerpt":{"rendered":"<p>L&#039;acn\u00e9. Rien que d&#039;entendre ce mot, on peut soupirer, lever les yeux au ciel ou se toucher le visage machinalement. C&#039;est l&#039;un des\u2026<\/p>","protected":false},"author":3,"featured_media":7737,"comment_status":"closed","ping_status":"closed","sticky":false,"template":"","format":"standard","meta":{"footnotes":""},"categories":[47],"tags":[],"class_list":["post-11223","post","type-post","status-publish","format-standard","has-post-thumbnail","hentry","category-beauty-knowledge"],"_links":{"self":[{"href":"https:\/\/shefmon.com\/fr\/wp-json\/wp\/v2\/posts\/11223","targetHints":{"allow":["GET"]}}],"collection":[{"href":"https:\/\/shefmon.com\/fr\/wp-json\/wp\/v2\/posts"}],"about":[{"href":"https:\/\/shefmon.com\/fr\/wp-json\/wp\/v2\/types\/post"}],"author":[{"embeddable":true,"href":"https:\/\/shefmon.com\/fr\/wp-json\/wp\/v2\/users\/3"}],"replies":[{"embeddable":true,"href":"https:\/\/shefmon.com\/fr\/wp-json\/wp\/v2\/comments?post=11223"}],"version-history":[{"count":0,"href":"https:\/\/shefmon.com\/fr\/wp-json\/wp\/v2\/posts\/11223\/revisions"}],"wp:featuredmedia":[{"embeddable":true,"href":"https:\/\/shefmon.com\/fr\/wp-json\/wp\/v2\/media\/7737"}],"wp:attachment":[{"href":"https:\/\/shefmon.com\/fr\/wp-json\/wp\/v2\/media?parent=11223"}],"wp:term":[{"taxonomy":"category","embeddable":true,"href":"https:\/\/shefmon.com\/fr\/wp-json\/wp\/v2\/categories?post=11223"},{"taxonomy":"post_tag","embeddable":true,"href":"https:\/\/shefmon.com\/fr\/wp-json\/wp\/v2\/tags?post=11223"}],"curies":[{"name":"wp","href":"https:\/\/api.w.org\/{rel}","templated":true}]}}